{"id":144,"date":"2008-03-31T12:10:00","date_gmt":"2008-03-31T10:10:00","guid":{"rendered":"http:\/\/lapecera.ch\/?p=144"},"modified":"2008-03-31T12:10:00","modified_gmt":"2008-03-31T10:10:00","slug":"fumar-acorta-la-vida","status":"publish","type":"post","link":"https:\/\/blog.lapecera.ch\/?p=144","title":{"rendered":"Fumar acorta la vida"},"content":{"rendered":"<p>Stefan Raab es un tipo muy creativo (o mejor dicho, tiene un equipo creativo impresionante a sus espaldas) y a veces le salen paridas de este tipo&#8230; Esta vino a cuento de que, seg\u00fan Raab, las pegatinas de las cajetilla de tabaco con los mensajes sobre la repercusi\u00f3n del fumar sobre la salud en espa\u00f1ol sonaban tan bien juntas que pod\u00edan dar pie a una canci\u00f3n al m\u00e1s puro estilo &#8220;Ricky Martin&#8221; o &#8220;Enrique Iglesias&#8221;. En alem\u00e1n sonaban a <a href=\"http:\/\/www.youtube.com\/watch?v=lkUG0u318kk\" target=\"_blank\">Rammstein<\/a>. Ya es algo viejo, pero el otro d\u00eda alguien me lo record\u00f3 y pens\u00e9 que ser\u00eda una buena chorrada para colgar en el blog y terminar el mes&#8230;<\/p>\n<p><object height=\"355\" width=\"425\"><param name=\"movie\" value=\"http:\/\/www.youtube.com\/v\/hVnLmrcPMUE\"><param name=\"wmode\" value=\"transparent\"><embed src=\"http:\/\/www.youtube.com\/v\/hVnLmrcPMUE\" type=\"application\/x-shockwave-flash\" wmode=\"transparent\" width=\"425\" height=\"355\"><\/embed><\/object><\/p>\n<p>\u00a1Que teng\u00e1is una buena entrada en abril (aguas mil \u00ac\u00ac)!<\/p>\n<p>Con esto y un bizcocho&#8230; Besos<br \/>Cris<\/p>\n","protected":false},"excerpt":{"rendered":"<p>Stefan Raab es un tipo muy creativo (o mejor dicho, tiene un equipo creativo impresionante a sus espaldas) y a veces le salen paridas de este tipo&#8230; Esta vino a cuento de que, seg\u00fan Raab, las pegatinas de las cajetilla de tabaco con los mensajes sobre la repercusi\u00f3n del fumar sobre la salud en espa\u00f1ol [&hellip;]<\/p>\n","protected":false},"author":3,"featured_media":0,"comment_status":"open","ping_status":"closed","sticky":false,"template":"","format":"standard","meta":{"footnotes":""},"categories":[],"tags":[],"class_list":["post-144","post","type-post","status-publish","format-standard","hentry"],"_links":{"self":[{"href":"https:\/\/blog.lapecera.ch\/index.php?rest_route=\/wp\/v2\/posts\/144","targetHints":{"allow":["GET"]}}],"collection":[{"href":"https:\/\/blog.lapecera.ch\/index.php?rest_route=\/wp\/v2\/posts"}],"about":[{"href":"https:\/\/blog.lapecera.ch\/index.php?rest_route=\/wp\/v2\/types\/post"}],"author":[{"embeddable":true,"href":"https:\/\/blog.lapecera.ch\/index.php?rest_route=\/wp\/v2\/users\/3"}],"replies":[{"embeddable":true,"href":"https:\/\/blog.lapecera.ch\/index.php?rest_route=%2Fwp%2Fv2%2Fcomments&post=144"}],"version-history":[{"count":0,"href":"https:\/\/blog.lapecera.ch\/index.php?rest_route=\/wp\/v2\/posts\/144\/revisions"}],"wp:attachment":[{"href":"https:\/\/blog.lapecera.ch\/index.php?rest_route=%2Fwp%2Fv2%2Fmedia&parent=144"}],"wp:term":[{"taxonomy":"category","embeddable":true,"href":"https:\/\/blog.lapecera.ch\/index.php?rest_route=%2Fwp%2Fv2%2Fcategories&post=144"},{"taxonomy":"post_tag","embeddable":true,"href":"https:\/\/blog.lapecera.ch\/index.php?rest_route=%2Fwp%2Fv2%2Ftags&post=144"}],"curies":[{"name":"wp","href":"https:\/\/api.w.org\/{rel}","templated":true}]}}