{"id":143,"date":"2008-03-23T23:11:00","date_gmt":"2008-03-23T21:11:00","guid":{"rendered":"http:\/\/lapecera.ch\/?p=143"},"modified":"2008-03-23T23:11:00","modified_gmt":"2008-03-23T21:11:00","slug":"im-dreaming-of-a-white-chri-easter","status":"publish","type":"post","link":"https:\/\/blog.lapecera.ch\/?p=143","title":{"rendered":"I&#8217;m dreaming of a White Chri&#8230; Easter"},"content":{"rendered":"<blockquote><p>Es gibt kein schlechtes Wetter, nur schlechte Ausr\u00fcstung*<\/p><\/blockquote>\n<p>Ladynere me preguntaba si segu\u00eda viva&#8230; Pues como veis o le\u00e9is he vuelto, s\u00ed, he vuelto del Polo Norte&#8230; xDDD<\/p>\n<p><a href=\"http:\/\/picasaweb.google.com\/papalbina\" target =\"_blank\"><img decoding=\"async\" style=\"FLOAT: right; MARGIN: 0px 0px 10px 10px; WIDTH: 200px; CURSOR: hand\" alt=\"\" src=\"http:\/\/www.lapecera.ch\/lapecera.ch\/fotos\/melchsee\/09.jpg\" border=\"0\" \/><\/a>El viernes, o sea, el Viernes Santo, Christoph y yo nos levantamos a las 7 con la idea de emprender viaje hacia Melchsee-Frutt. Miramos por la ventana y como no hac\u00eda tan mal tiempo, empaquetamos lo que nos faltaba y nos cogimos el tren&#8230; Cuando el tren cruz\u00f3 el Jura y sali\u00f3 del t\u00fanel Hauenstein a Olten, los dos nos quedamos O_______O Estaba nevando, nevando de verdad, como cuando es diciembre y quieres que nieve para tener una Blanca Navidad&#8230; con la diferencia de que es marzo y Pascua. Fue entonces cuando entendimos el tono ir\u00f3nico-sarc\u00e1stico de Theo, que vive en Z\u00fcrich, ergo al otro lado del Jura y por tanto con el mismo tiempo\/temporal que en Olten, cuando le llamamos por la ma\u00f1ana y le dijimos que nos \u00edbamos a la excursi\u00f3n porque &#8220;no hac\u00eda tan mal tiempo&#8221;.<\/p>\n<p>La verdad es que bien nos podr\u00edamos haber quedado en casa. En St\u00f6ckalp donde est\u00e1 la estaci\u00f3n del telef\u00e9rico para subir a Melchsee-Frutt nos advirtieron del mal tiempo que hab\u00eda arriba, pero nosotros subimos igual xDDD En Melchsee-Frutt a 1920 m hab\u00eda una tormenta de nieve de tres pares de narices con r\u00e1fagas de viento de hasta 80-90 km\/h. Despu\u00e9s de andar 15 minutos, o\u00edr de lejos una avalancha y quedar hundidos en la nieve hasta el muslo, nos fuimos a un restaurante a comer como cerdos. A las cuatro o un poco antes nos cogimos el telef\u00e9rico que bajaba por \u00faltima vez <span style=\"font-size:85%;\">(tuvieron que pararlo porque el viento era demasiado fuerte) <\/span>y nos fuimos a Lucerna a hacer lo que llevaba todo el d\u00eda manteniendo nuestro buen humor: buscar un tesoro xDDD<\/p>\n<p>Bueno, no era exactamente un tesoro, era, mejor dicho, es un <em>Cache<\/em>. \u00bfQue qu\u00e9 es un cache? Pues un cache es algo que gente, cachers, esconde en lugares p\u00fablicos, bosques o donde se les ocurra, lo registra en <a href=\"http:\/\/www.geocaching.com\/\" target=\"_blank\">http:\/\/www.geocaching.com\/<\/a> y otra gente, cachers, intenta descubrirlo con la ayuda de su GPS <span style=\"font-size:85%;\">(s\u00ed, Christoph tiene un <\/span><a href=\"https:\/\/buy.garmin.com\/shop\/shop.do?pID=6447\" target=\"_blank\"><span style=\"font-size:85%;\">nuevo juguete<\/span><\/a><span style=\"font-size:85%;\"> desde el lunes)<\/span>&#8230; El que nosotros pretend\u00edamos buscar est\u00e1 escondido en uno de los puentes antiguos de Lucerna, el <a href=\"http:\/\/picasaweb.google.com\/DanyLuzern\/Luzern\/photo#5043315624066738642\" target=\"_blank\">Spreuerbr\u00fccke<\/a>. \u00a1Y joer, lo que nos cost\u00f3! Si no llegamos a encontrar a un par de cachers veteranos, todav\u00eda estar\u00edamos all\u00ed buscando xDDD El cache consist\u00eda en un peque\u00f1o recipiente con un mini logbook y un mini lapicero, donde Christoph escribi\u00f3 su nickname en Geocaching y la fecha para luego volver a dejarlo donde lo encontramos&#8230; Na, fue de lo m\u00e1s divertido e interesante que he hecho en mi vida, hasta Theo se lo pas\u00f3 pipa y la conversaci\u00f3n que tuvimos con los cachers veteranos fue genial&#8230; Ya estamos planificando nuestro nuevo cache. Ma\u00f1ana, en H\u00e4gendorf, con Janis xDDD<\/p>\n<p>Despu\u00e9s de todo esto, Christoph, Theo y yo continuamos con nuestra ruta de la gula y cenamos maravillosamente bien en un restaurante italiano llamado <a href=\"http:\/\/www.ristorantelafenice.ch\/\" target=\"_blank\">La Fenice<\/a> donde nos sirvieron una ensalada con un dressing magn\u00edfico y una mousse de chocolate para quitar el hipo *\u00ac*<\/p>\n<p>Nunca antes un Viernes Santo hab\u00eda dado tanto de s\u00ed. Ya os contar\u00e9 si encontramos m\u00e1s tesoros ^___^<\/p>\n<p>Con esto y un bizcocho&#8230; Besos<br \/>Cris<\/p>\n<p>PS: Nota est\u00fapida sobre el Geocaching, \u00bfsab\u00e9is como llaman los <em>cachers <\/em>a la gente que se pasea por un lugar p\u00fablico donde hay <em>cache <\/em>y no saben que ah\u00ed hay caches y lo que pueden hacer con ellos? \u00a1Muggles! Y luego me llaman a m\u00ed friki xDDDDD<\/p>\n<p><span style=\"font-size:78%;\">*&#8221;No existe el mal tiempo, s\u00f3lo mal equipamiento&#8221;<\/span><\/p>\n","protected":false},"excerpt":{"rendered":"<p>Es gibt kein schlechtes Wetter, nur schlechte Ausr\u00fcstung* Ladynere me preguntaba si segu\u00eda viva&#8230; Pues como veis o le\u00e9is he vuelto, s\u00ed, he vuelto del Polo Norte&#8230; xDDD El viernes, o sea, el Viernes Santo, Christoph y yo nos levantamos a las 7 con la idea de emprender viaje hacia Melchsee-Frutt. Miramos por la ventana [&hellip;]<\/p>\n","protected":false},"author":3,"featured_media":0,"comment_status":"open","ping_status":"closed","sticky":false,"template":"","format":"standard","meta":{"footnotes":""},"categories":[],"tags":[],"class_list":["post-143","post","type-post","status-publish","format-standard","hentry"],"_links":{"self":[{"href":"https:\/\/blog.lapecera.ch\/index.php?rest_route=\/wp\/v2\/posts\/143","targetHints":{"allow":["GET"]}}],"collection":[{"href":"https:\/\/blog.lapecera.ch\/index.php?rest_route=\/wp\/v2\/posts"}],"about":[{"href":"https:\/\/blog.lapecera.ch\/index.php?rest_route=\/wp\/v2\/types\/post"}],"author":[{"embeddable":true,"href":"https:\/\/blog.lapecera.ch\/index.php?rest_route=\/wp\/v2\/users\/3"}],"replies":[{"embeddable":true,"href":"https:\/\/blog.lapecera.ch\/index.php?rest_route=%2Fwp%2Fv2%2Fcomments&post=143"}],"version-history":[{"count":0,"href":"https:\/\/blog.lapecera.ch\/index.php?rest_route=\/wp\/v2\/posts\/143\/revisions"}],"wp:attachment":[{"href":"https:\/\/blog.lapecera.ch\/index.php?rest_route=%2Fwp%2Fv2%2Fmedia&parent=143"}],"wp:term":[{"taxonomy":"category","embeddable":true,"href":"https:\/\/blog.lapecera.ch\/index.php?rest_route=%2Fwp%2Fv2%2Fcategories&post=143"},{"taxonomy":"post_tag","embeddable":true,"href":"https:\/\/blog.lapecera.ch\/index.php?rest_route=%2Fwp%2Fv2%2Ftags&post=143"}],"curies":[{"name":"wp","href":"https:\/\/api.w.org\/{rel}","templated":true}]}}