{"id":140,"date":"2008-03-13T14:22:00","date_gmt":"2008-03-13T12:22:00","guid":{"rendered":"http:\/\/lapecera.ch\/?p=140"},"modified":"2008-03-13T14:22:00","modified_gmt":"2008-03-13T12:22:00","slug":"blanco-nieve","status":"publish","type":"post","link":"https:\/\/blog.lapecera.ch\/?p=140","title":{"rendered":"Blanco nieve"},"content":{"rendered":"<p><em>After the wreck, I picked myself up, spread my wings and flew away<\/em> es el t\u00edtulo del libro que estoy leyendo ahora y que me compr\u00e9 \u00fanica y exclusivamente porque me llam\u00f3 la atenci\u00f3n un t\u00edtulo tan largo. De momento, es interesante, aunque ya s\u00e9 c\u00f3mo acaba y no me gusta mucho (aunque es un final l\u00f3gico teniendo en cuenta el argumento v.v).<\/p>\n<p>Esta semana, Kirsten azota las calles de Basilea (bueno, de toda Centroeuropa, \u00a1qu\u00e9 le\u00f1e!) y por momentos hace un aire de esos que no te dejan respirar y te alborotan el pelo tan bruscamente que hace da\u00f1o&#8230; Pero los d\u00edas son cada vez m\u00e1s largos y eso mola ^___^<\/p>\n<p>Yo ven\u00eda hoy a contaros mi \u00faltima aventura alpina: el fin de semana pasado, concretamente el s\u00e1bado, Christoph y yo nos fuimos junto con Martin, Christin y Migge a hacer un&#8230; un&#8230; \u00bfc\u00f3mo se llama eso en espa\u00f1ol? Un <em>Schneeschuhwanderung<\/em>, usease, una &#8220;excursi\u00f3n&#8221; con raquetas de nieve fO.o Nos fuimos a 1200 metros a Axalp en el cant\u00f3n de Berna cerca de Brienz.<\/p>\n<p><a href=\"http:\/\/picasaweb.google.com\/papalbina\" target=\"_blank\"><img decoding=\"async\" style=\"FLOAT: left; MARGIN: 0px 10px 10px 0px; CURSOR: hand\" alt=\"\" src=\"http:\/\/www.lapecera.ch\/uploaded_images\/DSC03003-741526.JPG\" border=\"0\" \/><\/a>Caminar con raquetas de nieve es unos de los &#8220;deportes&#8221; m\u00e1s agotadores que existen v.v La ruta era corta, pero bastante cuesta arriba, as\u00ed que, pasado, m\u00e1s o menos, la mitad del camino a m\u00ed ya me dol\u00eda la cadera T-T Aparte, me ca\u00ed como 4 \u00f3 5 veces, siempre de rodillas hundiendo mis manos desnudas en la nieve xDDD \u00a1Joer, qu\u00e9 fr\u00edo! Lo mejor fueron las batallas de bolas de nieves que se fueron librando primero a la subida y luego de la que baj\u00e1bamos xDD La mejor de ella junto al lado del Hinterburgseeli (un lago que estaba completamente helado y lleno de nieve). Ahora que lo pienso empec\u00e9 yo&#8230; y acabaron Christin, Christoph y Migge llenos de nieve hasta las orejas xDDDD<\/p>\n<p>Momentos estelares, que recuerde ahora mismo:<br \/>&#8211; La botella de vino que se le rompi\u00f3 a Migge dentro de su mochila &#8220;Mary Poppins&#8221;<br \/>&#8211; Christin corriendo con las raquetas cuesta abajo salpic\u00e1ndose con nieve hasta el pelo<br \/>&#8211; Yo y mi toallita de ranitas <span style=\"font-size:85%;\">(cual Will de <em>W.I.T.C.H.<\/em>)<\/span> sec\u00e1ndome despu\u00e9s de caerme por cuarta vez y que la nieve se me metiese por la manga de la chaqueta y el despijote que se pillaron los otros&#8230;<br \/>&#8211; Martin lanz\u00e1ndole la botella de agua a Christin desde varios metros de distancia y Christin arrodillada en la nieve intentado encontrar la botella que hab\u00eda quedado sepultada en la nieve xDD<br \/>&#8211; Migge y su falta de punter\u00eda con las bolas de nieve<br \/>&#8211; El lago de Brienz y su extra\u00f1o color azul<br \/>&#8211; La mierda de termo que tengo que no me aguant\u00f3 el t\u00e9 caliente, \u00a1con las ganas que ten\u00eda yo de tomarme algo calentito a la hora de comer! T-T<br \/>&#8211; Christoph y Christin tirados en la nieve parti\u00e9ndose el culo y sin poder levantarse porque sus raquetas se hab\u00edan entrelazado y no eran capaces de soltarlas por la risa<br \/>&#8211; El dolor de cadera y de pantorrillas \u00ac\u00ac y las agujetas inexistentes al d\u00eda siguiente O.O<\/p>\n<p>\u00a1D\u00edos, qu\u00e9 bien lo pasamos! xDDDD<\/p>\n<p>Por la noche, mientras cen\u00e1bamos en un restaurante en Brienz, acordamos la fecha para nuestra pr\u00f3xima aventura monta\u00f1esa: un Wanderung de dos d\u00edas a la <a href=\"http:\/\/www.bluemlisalphuette.com\/\" target=\"_blank\">Bl\u00fcmlisalph\u00fctte<\/a>. S\u00f3lo de pensar que tendr\u00e9 que cargar con mi mochila de 42 litros llena hasta los topes, ya me duele la espalda, \u00a1ains! v.v<\/p>\n<p>Y na, volver\u00e9 pronto a contaros alguna que otra chorrada o a informaros sobre el repertorio de este a\u00f1o de la <em>itsystems All-Star band<\/em>, que con un poco de suerte ser\u00e1 m\u00e1s de mi estilo y mejor para mi voz \ud83d\ude09 \u00a1Ah! Sascha ser\u00e1 nuestra segunda guitarra ^___^<\/p>\n<p>Con esto y un bizcocho&#8230; Besos<br \/>Cris<\/p>\n<p>PS: Soy idiota \u00ac\u00ac Las fotos de la excursi\u00f3n est\u00e1n en <a href=\"http:\/\/picasaweb.google.com\/papalbina\">Picasa<\/a> junto con las del fin de semana con mis compa\u00f1eros de trabajo en Flims.<\/p>\n","protected":false},"excerpt":{"rendered":"<p>After the wreck, I picked myself up, spread my wings and flew away es el t\u00edtulo del libro que estoy leyendo ahora y que me compr\u00e9 \u00fanica y exclusivamente porque me llam\u00f3 la atenci\u00f3n un t\u00edtulo tan largo. De momento, es interesante, aunque ya s\u00e9 c\u00f3mo acaba y no me gusta mucho (aunque es un [&hellip;]<\/p>\n","protected":false},"author":3,"featured_media":0,"comment_status":"open","ping_status":"closed","sticky":false,"template":"","format":"standard","meta":{"footnotes":""},"categories":[],"tags":[],"class_list":["post-140","post","type-post","status-publish","format-standard","hentry"],"_links":{"self":[{"href":"https:\/\/blog.lapecera.ch\/index.php?rest_route=\/wp\/v2\/posts\/140","targetHints":{"allow":["GET"]}}],"collection":[{"href":"https:\/\/blog.lapecera.ch\/index.php?rest_route=\/wp\/v2\/posts"}],"about":[{"href":"https:\/\/blog.lapecera.ch\/index.php?rest_route=\/wp\/v2\/types\/post"}],"author":[{"embeddable":true,"href":"https:\/\/blog.lapecera.ch\/index.php?rest_route=\/wp\/v2\/users\/3"}],"replies":[{"embeddable":true,"href":"https:\/\/blog.lapecera.ch\/index.php?rest_route=%2Fwp%2Fv2%2Fcomments&post=140"}],"version-history":[{"count":0,"href":"https:\/\/blog.lapecera.ch\/index.php?rest_route=\/wp\/v2\/posts\/140\/revisions"}],"wp:attachment":[{"href":"https:\/\/blog.lapecera.ch\/index.php?rest_route=%2Fwp%2Fv2%2Fmedia&parent=140"}],"wp:term":[{"taxonomy":"category","embeddable":true,"href":"https:\/\/blog.lapecera.ch\/index.php?rest_route=%2Fwp%2Fv2%2Fcategories&post=140"},{"taxonomy":"post_tag","embeddable":true,"href":"https:\/\/blog.lapecera.ch\/index.php?rest_route=%2Fwp%2Fv2%2Ftags&post=140"}],"curies":[{"name":"wp","href":"https:\/\/api.w.org\/{rel}","templated":true}]}}