{"id":139,"date":"2008-03-07T14:10:00","date_gmt":"2008-03-07T12:10:00","guid":{"rendered":"http:\/\/lapecera.ch\/?p=139"},"modified":"2008-03-07T14:10:00","modified_gmt":"2008-03-07T12:10:00","slug":"dias-de-shoujo-y-canto","status":"publish","type":"post","link":"https:\/\/blog.lapecera.ch\/?p=139","title":{"rendered":"D\u00edas de Shoujo y Canto"},"content":{"rendered":"<blockquote><p><em>La primera vez que vi a Elena me pareci\u00f3 la criatura m\u00e1s bella sobre la faz de la Tierra.<\/em><\/p><\/blockquote>\n<p>Despu\u00e9s de una semana dedicando cada momento libre a cantar y\/o leer shoujo manga, algo ten\u00eda que pasar&#8230; Y pas\u00f3 que tengo una idea&#8230; Una idea que combina mis dos grandes amores: la m\u00fasica y las historias rom\u00e1nticas (o sea, el shoujo, carayo xDDD) Pero la idea necesita madurar&#8230; \u00a1MUCHO! De momento es un comienzo y con un poco de paciencia y dedicaci\u00f3n quiz\u00e1 consiga escribir una historia medianamente le\u00edble. Para empezar me gustar\u00eda escribir (perd\u00f3n, que me descojone, pero s\u00f3lo de pensarlo me da la risa tonta) la nana en torno a la que gira todo el argumento. Si alguien se ofrece a ayudarme, se aceptan propuestas, la \u00fanica condici\u00f3n es que hable de una princesa&#8230; ^___^<\/p>\n<p>Aparte, estoy rumiando desde hace unas dos semanas un relato corto del estilo de <em>Diez Minutos<\/em>, pero no quiere salir de mi cabeza v.v<\/p>\n<p><a href=\"http:\/\/www.lapecera.ch\/uploaded_images\/basel-761320.jpg\" rel=\"example3\"><img decoding=\"async\" style=\"FLOAT: right; MARGIN: 0px 0px 10px 10px; CURSOR: hand\" alt=\"\" src=\"http:\/\/www.lapecera.ch\/uploaded_images\/basel-761254.jpg\" border=\"0\" \/><\/a>Por otro lado, tengo una peque\u00f1a mala noticia para l@s seguidor@s de las peripecia de Lola y Marc <em>En Basel<\/em>. He quitado la historia completa de la web con vistas a reeditarla, o mejor dicho, empezarla de nuevo cuando tenga una trama decidida para ella. El problema es que aparte de los encuentros casuales de Lola y Marc y la idea de presentar Basel al resto del mundo no hab\u00eda pensado en c\u00f3mo deber\u00eda transcurrir la acci\u00f3n&#8230; Y evidentemente as\u00ed no se puede escribir una historia, \u00bfno?<\/p>\n<p>Por \u00faltimo, porfiplis, escuchad la nueva canci\u00f3n que le he puesto a la web y dadme vuestra opini\u00f3n. \u00daltimamente me ha dado por el indie, Feist, Yael Naim, A fine frenzy (se aceptan m\u00e1s nombres), y por intentar cantar <em>The wind that shakes the barley<\/em> con Lisa Gerrard y <em>Mercy<\/em> con Duffy. De momento no me sale ninguna de las dos demasiado bien&#8230; pero dadme tiempo y una ca\u00f1a y lo conseguir\u00e9 *muajajajaja*<\/p>\n<p>\u00a1Ah! A la espera de confirmaci\u00f3n es muy probable que este a\u00f1o vuelva a haber <em>itsystems All Star band<\/em>. Yeah! Yeah! Yeah! Yeah! <span style=\"font-size:85%;\">*escuchar <em>Mercy <\/em>de Duffy para entender la exclamaci\u00f3n*<br \/><\/span><br \/>Y me voy ya que tengo que acabar con una chorrada e irme en busca de una chaqueta para irme ma\u00f1ana a pasar frio en los Alpes sobre raquetas de nieve T___T<\/p>\n<p>Con esto y un bizcocho&#8230; Besos<br \/>Cris<\/p>\n<p>PS: No, el hecho de que mi hermana se llame Elena, no tiene nada que ver con el nombre de la historia. Simplemente sali\u00f3 as\u00ed. La historia tiene t\u00edtulo, pero no os lo digo todav\u00eda no vaya a ser que en dos minutos cambie de idea, que es lo que lleva pas\u00e1ndome desde ayer por la noche xDDD<br \/>PS2: \u00a1Horror y pavor! No puedo votar en estas elecciones porque los gilipollas de la embajada me mandaron los papeles a M\u00fcnchenstein, \u00a1aaaggggrrrrr! \u00ac\u00ac<br \/>PS3: \u00bfAlguien conoce a Paolo Meneguzzi? Representar\u00e1 a Suiza en el Festival de Eurovisi\u00f3n con la canci\u00f3n <em>Era Stupendo<\/em> que me parece preciosa (fijo que no pasa la semifinal \u00ac\u00ac). Por Alemania van las No Angels y \u00a1dios, qu\u00e9 horror! \u00bfHab\u00e9is escuchado las canciones seleccionadas para Espa\u00f1a? Creo que voy a pedir la nacionalidad suiza v.v<\/p>\n","protected":false},"excerpt":{"rendered":"<p>La primera vez que vi a Elena me pareci\u00f3 la criatura m\u00e1s bella sobre la faz de la Tierra. Despu\u00e9s de una semana dedicando cada momento libre a cantar y\/o leer shoujo manga, algo ten\u00eda que pasar&#8230; Y pas\u00f3 que tengo una idea&#8230; Una idea que combina mis dos grandes amores: la m\u00fasica y las [&hellip;]<\/p>\n","protected":false},"author":3,"featured_media":0,"comment_status":"open","ping_status":"closed","sticky":false,"template":"","format":"standard","meta":{"footnotes":""},"categories":[],"tags":[],"class_list":["post-139","post","type-post","status-publish","format-standard","hentry"],"_links":{"self":[{"href":"https:\/\/blog.lapecera.ch\/index.php?rest_route=\/wp\/v2\/posts\/139","targetHints":{"allow":["GET"]}}],"collection":[{"href":"https:\/\/blog.lapecera.ch\/index.php?rest_route=\/wp\/v2\/posts"}],"about":[{"href":"https:\/\/blog.lapecera.ch\/index.php?rest_route=\/wp\/v2\/types\/post"}],"author":[{"embeddable":true,"href":"https:\/\/blog.lapecera.ch\/index.php?rest_route=\/wp\/v2\/users\/3"}],"replies":[{"embeddable":true,"href":"https:\/\/blog.lapecera.ch\/index.php?rest_route=%2Fwp%2Fv2%2Fcomments&post=139"}],"version-history":[{"count":0,"href":"https:\/\/blog.lapecera.ch\/index.php?rest_route=\/wp\/v2\/posts\/139\/revisions"}],"wp:attachment":[{"href":"https:\/\/blog.lapecera.ch\/index.php?rest_route=%2Fwp%2Fv2%2Fmedia&parent=139"}],"wp:term":[{"taxonomy":"category","embeddable":true,"href":"https:\/\/blog.lapecera.ch\/index.php?rest_route=%2Fwp%2Fv2%2Fcategories&post=139"},{"taxonomy":"post_tag","embeddable":true,"href":"https:\/\/blog.lapecera.ch\/index.php?rest_route=%2Fwp%2Fv2%2Ftags&post=139"}],"curies":[{"name":"wp","href":"https:\/\/api.w.org\/{rel}","templated":true}]}}