{"id":1383,"date":"2010-08-02T23:58:12","date_gmt":"2010-08-02T21:58:12","guid":{"rendered":"http:\/\/lapecera.ch\/?p=1383"},"modified":"2010-08-02T23:58:12","modified_gmt":"2010-08-02T21:58:12","slug":"pull-my-finger","status":"publish","type":"post","link":"https:\/\/blog.lapecera.ch\/?p=1383","title":{"rendered":"Pull my finger&#8230;"},"content":{"rendered":"<p>A falta de nada mejor que hacer, aparte de trabajar, claro, voy a contaros un par de cosillas. La primera es que, en determinado momento del mes pasado, cuando ten\u00eda demasiado trabajo con la campa\u00f1a y mis neuronas no estaban del todo operativas, aterric\u00e9 en la <a href=\"http:\/\/lablogoteca.20minutos.es\/\" target=\"_blank\">blogoteca de 20 minutos<\/a> por casualidad y&#8230; y&#8230; y&#8230; apunt\u00e9 &#8220;La Pecera&#8221; en los <a href=\"http:\/\/lablogoteca.20minutos.es\/premios-20blogs\/participantes\/todos-los-blogs\/\" target=\"_blank\">Premios 20blogs<\/a>&#8230; S\u00ed, lo s\u00e9, yo opino lo mismo&#8230; pero ahora ya no puedo volverme atr\u00e1s, encima ya ha empezado. De hoy al 30 de septiembre se pueden votar a los blogs que m\u00e1s os gusten, as\u00ed que como dice a la izquierda (o dir\u00e1 dentro de poco), cambio votos por tabletas de chocolate. S\u00f3lo ten\u00e9is que registraros en 20minutos.es y luego podr\u00e9is votarme <img decoding=\"async\" src=\"http:\/\/lapecera.ch\/emoticons\/xd.gif\"><\/p>\n<table width=\"50%\" align=\"left\" border=\"0\" target=\"_blank\">\n<tbody>\n<tr>\n<td><span style=\"font-size:75%\"><script type=\"text\/javascript\" src=\"http:\/\/lablogoteca.20minutos.es\/widget\/blog\/18628\/\"><\/script><\/td>\n<\/tr>\n<\/tbody>\n<\/table>\n<p>En fin&#8230; Lo siguiente que ven\u00eda yo a contar era nuestro fin de semana de acampada celebrando el 1 de agosto. B\u00e1sicamente no se necesita una raz\u00f3n para ir de acampada, pero la fiesta nacional es una de las mejores excusas que te puedes encontrar en el a\u00f1o y encima cae en verano xDD As\u00ed que all\u00e1 nos fuimos a celebrar <a href=\"http:\/\/es.wikipedia.org\/wiki\/Pacto_Federal_de_1291\" class=\"example7\">el cumplea\u00f1os n\u00famero 719<\/a> de la Confederaci\u00f3n Helv\u00e9tica.<\/p>\n<p>El camping esta vez no fue Seelisberg, sino Vorauen en Kl\u00f6ntal al lado del lago, que cae para el oriente de Suiza en un cant\u00f3n que yo apenas hab\u00eda pisado: Glarus, perd\u00f3n, en espa\u00f1ol se llama <a href=\"http:\/\/es.wikipedia.org\/wiki\/Cant%C3%B3n_de_Glaris\" class=\"example7\">Glaris<\/a>. El cant\u00f3n es conocido por&#8230; hmmm&#8230; por pocas cosas, al menos para m\u00ed: por el agua de Elm, Ziegelbr\u00fccke, los Alpes y Fridolin de S\u00e4ckingen (el tipo que aparece en el blas\u00f3n). De todas formas, el paisaje es una pasada, porque lo dicho, no hay otra cosa que Alpes. El pico m\u00e1s alto, el <a href=\"http:\/\/es.wikipedia.org\/wiki\/T%C3%B6di\" target=\"_blank\">T\u00f6di<\/a>, lo subi\u00f3 Christoph con las raquetas de nieve el a\u00f1o pasado. <\/p>\n<p><a href=\"http:\/\/lapecera.ch\/wp-content\/uploads\/2010\/08\/DSC05406.jpg\" rel=\"example3\" title=\"Migge y Christoph descojon\u00e1ndose...\" ><img loading=\"lazy\" decoding=\"async\" src=\"http:\/\/lapecera.ch\/wp-content\/uploads\/2010\/08\/DSC05406-300x200.jpg\" alt=\"\" width=\"300\" height=\"200\" class=\"alignright size-medium wp-image-1397\" srcset=\"https:\/\/blog.lapecera.ch\/wp-content\/uploads\/2010\/08\/DSC05406-300x200.jpg 300w, https:\/\/blog.lapecera.ch\/wp-content\/uploads\/2010\/08\/DSC05406-768x512.jpg 768w, https:\/\/blog.lapecera.ch\/wp-content\/uploads\/2010\/08\/DSC05406-1024x683.jpg 1024w\" sizes=\"auto, (max-width: 300px) 100vw, 300px\" \/><\/a>Los highlights del fin de semana:<br \/>\n&#8211; El pedazo solazo que hizo todo el fin de semana y la quemadura que pill\u00e9 en el brazo derecho.<br \/>\n&#8211; Christin y su nuevo iPhone, al fin cay\u00f3 en la tentaci\u00f3n. S\u00f3lo falta Martin, pero conoci\u00e9ndole ese no caer\u00e1 en la vida xD<br \/>\n&#8211; Toda la carne que nos metimos entre pecho y espalda este fin de semana&#8230; Yo de esta me tengo que hacer vegetariana \ud83d\ude1b<br \/>\n&#8211; Mi primer ba\u00f1o en un lago de monta\u00f1a. \u00a1Cagun su madre qu\u00e9 fr\u00eda estaba el agua! Y encima no se nos ocurri\u00f3 mejor idea que meternos cuando el sol se escondi\u00f3 detr\u00e1s de una nube v.v He decidido que yo de mayor quiero ser como Martin Hunn&#8230;<br \/>\n&#8211; El ataque de risa que se pillaron Migge y Christoph en el que estaban involucrados algunos elementos flatulentos y Ralph, el compa\u00f1ero de tienda y objeto y fomentador de las burlas.<br \/>\n&#8211; La cascada al lado del <em>Seeweg<\/em> *_____*<br \/>\n&#8211; La curiosidad del lugar: <a href=\"http:\/\/www.schweizfotos.com\/data\/picture\/detail\/713.jpg\" rel=\"example3\" title=\"de hecho el lago es el embalse natural m\u00e1s antiguo de Suiza y se utiliza para generar electricidad\">el lago tiene desag\u00fce<\/a> O.o<br \/>\n&#8211; El autobus de las 16:39. Si llegamos a coger uno m\u00e1s tarde, nos cae la tormenta encima en Olten&#8230; Empez\u00f3 a llover 15 minutos despu\u00e9s de que llegasemos a casa xDD<\/p>\n<p>La verdad es que lo pasamos genial como siempre que nos juntamos para hacer estas cosas y espero que podamos repetirlo de nuevo antes de que se nos acabe el buen tiempo&#8230; Aunque ya se sabe que &#8220;primer d\u00eda de agosto, primer d\u00eda de invierno&#8221; T-T<\/p>\n<p>Y ahora, me voy ya, que esto lo empec\u00e9 en el trabajo y ya es media noche y deber\u00eda irme a la cama \ud83d\ude1b<\/p>\n<p>Con esto y un bizcocho&#8230; Besos<br \/>\nCris<\/p>\n","protected":false},"excerpt":{"rendered":"<p>A falta de nada mejor que hacer, aparte de trabajar, claro, voy a contaros un par de cosillas. La primera es que, en determinado momento del mes pasado, cuando ten\u00eda demasiado trabajo con la campa\u00f1a y mis neuronas no estaban del todo operativas, aterric\u00e9 en la blogoteca de 20 minutos por casualidad y&#8230; y&#8230; y&#8230; [&hellip;]<\/p>\n","protected":false},"author":3,"featured_media":0,"comment_status":"open","ping_status":"closed","sticky":false,"template":"","format":"standard","meta":{"footnotes":""},"categories":[],"tags":[],"class_list":["post-1383","post","type-post","status-publish","format-standard","hentry"],"_links":{"self":[{"href":"https:\/\/blog.lapecera.ch\/index.php?rest_route=\/wp\/v2\/posts\/1383","targetHints":{"allow":["GET"]}}],"collection":[{"href":"https:\/\/blog.lapecera.ch\/index.php?rest_route=\/wp\/v2\/posts"}],"about":[{"href":"https:\/\/blog.lapecera.ch\/index.php?rest_route=\/wp\/v2\/types\/post"}],"author":[{"embeddable":true,"href":"https:\/\/blog.lapecera.ch\/index.php?rest_route=\/wp\/v2\/users\/3"}],"replies":[{"embeddable":true,"href":"https:\/\/blog.lapecera.ch\/index.php?rest_route=%2Fwp%2Fv2%2Fcomments&post=1383"}],"version-history":[{"count":0,"href":"https:\/\/blog.lapecera.ch\/index.php?rest_route=\/wp\/v2\/posts\/1383\/revisions"}],"wp:attachment":[{"href":"https:\/\/blog.lapecera.ch\/index.php?rest_route=%2Fwp%2Fv2%2Fmedia&parent=1383"}],"wp:term":[{"taxonomy":"category","embeddable":true,"href":"https:\/\/blog.lapecera.ch\/index.php?rest_route=%2Fwp%2Fv2%2Fcategories&post=1383"},{"taxonomy":"post_tag","embeddable":true,"href":"https:\/\/blog.lapecera.ch\/index.php?rest_route=%2Fwp%2Fv2%2Ftags&post=1383"}],"curies":[{"name":"wp","href":"https:\/\/api.w.org\/{rel}","templated":true}]}}