{"id":1377,"date":"2010-07-29T16:10:32","date_gmt":"2010-07-29T14:10:32","guid":{"rendered":"http:\/\/lapecera.ch\/?p=1377"},"modified":"2010-07-29T16:10:32","modified_gmt":"2010-07-29T14:10:32","slug":"asvirevila","status":"publish","type":"post","link":"https:\/\/blog.lapecera.ch\/?p=1377","title":{"rendered":"AsViReViLa"},"content":{"rendered":"<p>S\u00ed, hace ya una semana que estoy de vuelta en el mundo laboral&#8230; bueno, no, espera, que solo han sido cuatro d\u00edas&#8230; \u00a1\u00a1Da igual!! Se siente no como una semana, sino como dos meses T-T Quiero mis vacaciones de vuelta, quiero dormir y no quiero volver a o\u00edr a hablar de <em>sources<\/em>, <em>changes<\/em>, <em>tasks<\/em>, <em>test campaigns<\/em>, <em>service packs <\/em>y <em>fix packs<\/em>. Voy a fundar la asociaci\u00f3n hermana de la AsViReCa, la <strong>AsViReViLa <\/strong>(Asociaci\u00f3n de V\u00edctimas del Regreso a la Vida Laboral).<\/p>\n<p>En fin, resumiendo mis vacaciones fueron geniales. Mi hermana y yo, y a veces tambi\u00e9n Christoph, nos dedicamos a hacer el vago, ir de compras y ver pel\u00edculas. Visitamos Zurich y Berna, subimos al Niesen, nos ba\u00f1amos en el lago de Biel y cruzamos un puente colgante de 300 metros, entre otras cosas. Compramos libros, ropa, bol\u00edgrafos y dormimos como unikekos, que viene a ser lo mismo que decir que dormimos como lirones, pero en suomi xDDD Vimos <em>Surrogates<\/em>, <em>Fast and Furious 4<\/em>, <em>La Sirenita<\/em> (en la vieja versi\u00f3n en espa\u00f1ol, con Christoph al lado preguntando: \u00ab\u00bfpor qu\u00e9 ahora tiene piernas?\u00bb fO.o) y alguna que otra m\u00e1s. Elena se ley\u00f3 tres libros, ninguno de ellos el que se hab\u00eda tra\u00eddo de casa xDD Consigui\u00f3 matricularse en Biolog\u00eda, despu\u00e9s de meterles un buen susto a los ineptos de la Universidad de Oviedo cuya &#8220;m\u00e1gnifica&#8221; (y <em>ungetestet<\/em>) aplicaci\u00f3n web para la matr\u00edcula de grados se volvi\u00f3 chiflada de un d\u00eda para otro y nos permiti\u00f3 realizar la matr\u00edcula en Biotecnolog\u00eda, donde se supon\u00eda no estaba aceptada&#8230; Aparte de que descubrimos que en la Universidad de Oviedo para conseguir un Grado, tambi\u00e9n conocido como <em>Bachelor<\/em> en el resto del mundo, tienes que cursar 240 ECTS, cuando en la Escuela Polit\u00e9cnica Federal de Z\u00farich (ETH Z\u00fcrich), una de las m\u00e1s prestigiosas del mundo, s\u00f3lo necesitas 180 para conseguir lo mismo&#8230; \u00bfAlguien me lo explica?<\/p>\n<p>El otro d\u00eda os dec\u00eda que mi voracidad lectora se hab\u00eda parado de repente con <em><a href=\"http:\/\/www.amazon.de\/One-Day-David-Nicholls\/dp\/0340896973\/ref=sr_1_2?ie=UTF8&#038;s=books-intl-de&#038;qid=1280412034&#038;sr=8-2\" class=\"example7\">One day<\/a><\/em> de David Nichols. Dije que el libro promet\u00eda, pero acab\u00f3 decepcion\u00e1ndome. Necesit\u00e9 casi dos semanas (o quiz\u00e1 m\u00e1s) para conseguir acabarlo y todo porque le\u00ed la p\u00e1gina 385 antes de llegar a ella y me qued\u00e9 choff del todo T-T En serio si ten\u00e9is la madurez de un adulto, os lo recomiento. David Nichols es un gran escritor. Si como yo ten\u00e9is la madurez de un caracol, olvidadlo, s\u00f3lo conseguir\u00e9is deprimiros \ud83d\ude41 Ahora mismo me he puesto con un libro de lo m\u00e1s est\u00fapido que os ech\u00e9is a la cara para compensar <em>One day<\/em> y en alem\u00e1n. <\/p>\n<p>Aparte, supongo que sabr\u00e9is que soy una especie de enciclopedia de cine con patas (con patas porque si llevo el iPhone en el bolso, significa que la IMDB viene conmigo a todas partes xDDD), pues por rid\u00edculo que parezca a\u00fan no hab\u00eda visto una de las pel\u00edculas de culto de los ochenta, <em><a href=\"http:\/\/www.imdb.com\/title\/tt0088847\/\" class=\"example7\">The Breakfast Club<\/a><\/em>. Evidentemente conozco la pel\u00edcula y sus protagonistas, pero nunca la hab\u00eda visto fO.o Ayer alivi\u00e9 mi error y a pesar de ser ochentera con lo que a estilo, apariencia, prejuicios y moralejas se refiere, me gust\u00f3 mucho. Me pregunto qu\u00e9 efecto habr\u00eda causado en m\u00ed, si la hubiera visto con 10, que ser\u00eda, m\u00e1s o menos, cuando la echaron en la tele en Espa\u00f1a&#8230; fO.o<\/p>\n<p>En fin, cuando tenga ganas, tiempo y un ordenador a mano con las fotos dentro, colgar\u00e9 las fotos de la estancia de mi hermana en tierras helv\u00e9ticas \ud83d\ude42 Hasta entonces, conformense con saber que este fin de semana me voy de acampada y de momento est\u00e1 lloviendo, no perd\u00f3n, diluviando \u00ac\u00ac<\/p>\n<p>Con esto y un bizcocho&#8230; Besos<br \/>\nCris<\/p>\n","protected":false},"excerpt":{"rendered":"<p>S\u00ed, hace ya una semana que estoy de vuelta en el mundo laboral&#8230; bueno, no, espera, que solo han sido cuatro d\u00edas&#8230; \u00a1\u00a1Da igual!! Se siente no como una semana, sino como dos meses T-T Quiero mis vacaciones de vuelta, quiero dormir y no quiero volver a o\u00edr a hablar de sources, changes, tasks, test [&hellip;]<\/p>\n","protected":false},"author":3,"featured_media":0,"comment_status":"open","ping_status":"closed","sticky":false,"template":"","format":"standard","meta":{"footnotes":""},"categories":[],"tags":[],"class_list":["post-1377","post","type-post","status-publish","format-standard","hentry"],"_links":{"self":[{"href":"https:\/\/blog.lapecera.ch\/index.php?rest_route=\/wp\/v2\/posts\/1377","targetHints":{"allow":["GET"]}}],"collection":[{"href":"https:\/\/blog.lapecera.ch\/index.php?rest_route=\/wp\/v2\/posts"}],"about":[{"href":"https:\/\/blog.lapecera.ch\/index.php?rest_route=\/wp\/v2\/types\/post"}],"author":[{"embeddable":true,"href":"https:\/\/blog.lapecera.ch\/index.php?rest_route=\/wp\/v2\/users\/3"}],"replies":[{"embeddable":true,"href":"https:\/\/blog.lapecera.ch\/index.php?rest_route=%2Fwp%2Fv2%2Fcomments&post=1377"}],"version-history":[{"count":0,"href":"https:\/\/blog.lapecera.ch\/index.php?rest_route=\/wp\/v2\/posts\/1377\/revisions"}],"wp:attachment":[{"href":"https:\/\/blog.lapecera.ch\/index.php?rest_route=%2Fwp%2Fv2%2Fmedia&parent=1377"}],"wp:term":[{"taxonomy":"category","embeddable":true,"href":"https:\/\/blog.lapecera.ch\/index.php?rest_route=%2Fwp%2Fv2%2Fcategories&post=1377"},{"taxonomy":"post_tag","embeddable":true,"href":"https:\/\/blog.lapecera.ch\/index.php?rest_route=%2Fwp%2Fv2%2Ftags&post=1377"}],"curies":[{"name":"wp","href":"https:\/\/api.w.org\/{rel}","templated":true}]}}