{"id":137,"date":"2008-02-26T11:53:00","date_gmt":"2008-02-26T09:53:00","guid":{"rendered":"http:\/\/lapecera.ch\/?p=137"},"modified":"2008-02-26T11:53:00","modified_gmt":"2008-02-26T09:53:00","slug":"vacaciones-de-cris-y-itsystems-v-spa-y-relax","status":"publish","type":"post","link":"https:\/\/blog.lapecera.ch\/?p=137","title":{"rendered":"Vacaciones de Cris y&#8230; itsystems V: Spa y relax"},"content":{"rendered":"<p>Despu\u00e9s de la decepci\u00f3n que me he llevado con los Oscars (a pesar de que estaban cantados, a\u00fan ten\u00eda esperanzas de que el Bardem no se lo llevase v.v), vengo a contaros brevemente la \u00faltima aventura itsystemiana.<\/p>\n<p>Me pas\u00e9 toda la semana indecisa entre ir en coche o en tren. Al final opt\u00e9 por el tren y la oferta Snow&#8217;n&#8217;Rail con el que ten\u00eda descuento en el tren. en la tarjeta del d\u00eda para los teleskis y telef\u00e9ricos y en el alquiler del equipo. El \u00fanico inconveniente es que ten\u00eda que viajar sola&#8230; o casi&#8230; porque al final me encontr\u00e9 con Matts y en Z\u00fcrich se subi\u00f3 Simon ^___^ El \u00fanico problema es que, aunque ten\u00eda intenci\u00f3n de leer y\/o escribir en el tren no hice ni lo uno ni lo otro \u00ac\u00ac<\/p>\n<p><a href=\"http:\/\/www.lapecera.ch\/uploaded_images\/DSC02932-769664.JPG\" rel=\"example3\"><img decoding=\"async\" style=\"float:right; margin:0 0 10px 10px;cursor:pointer; cursor:hand;\" src=\"http:\/\/www.lapecera.ch\/uploaded_images\/DSC02932-768983.JPG\" border=\"0\" alt=\"\" \/><\/a>Nuestro destino final era el <a href=\"http:\/\/www.parkhotel-waldhaus.ch\/\" target=\"_blank\">Hotel Waldhaus<\/a> en <a href=\"http:\/\/www.laax.com\/\" target=\"_blank\">Flims<\/a>, un pueblecito en las monta\u00f1as de Graub\u00fcnden, que junto con sus vecinos Laax y Falera, han montado una estaci\u00f3n de esqu\u00ed buena y muy grande&#8230; Demasiado grande para mi gusto v.v Por la ma\u00f1ana subimos Simon, Dario, dos de los Matthias y yo hasta el punto m\u00e1s alto en la parte de Flims. Se metieron por una pista negra (que en buen momento se me ocurri\u00f3 seguirles) que estaba hecha una mierda, llena de monta\u00f1itas y con nieve muy pesada y h\u00fameda <span style=\"font-size:85%;\">(la nieve estaba as\u00ed en todas partes, as\u00ed no mola esquiar \u00ac\u00ac)<\/span>. Baj\u00e9 toda la pista en cu\u00f1a&#8230; Cuando llegu\u00e9 abajo, me dol\u00edan horrores los muslos T-T Luego Simon y yo nos despitamos del resto y pa cuando nos enteramos de donde estaban (en la parte de Laax) no fuimos capaces de encontrar el camino entre pistas y telesk\u00eds v.v A las 2 y media yo me fui al hotel a meterme a remojo en el spa *-* A las 6 menos cuarto nos vino a buscar un autobus para llevarnos a cenar rico y luego, despues de dejar a unos cuantos en una discoteca en Laax, el resto nos fuimos al hotel&#8230; \u00a1Y vaya susto que llev\u00e9, cuando llegu\u00e9 y me encontr\u00e9 la puerta de mi habitacion abierta! O___O Pero na, hab\u00edan sido los del hotel que hab\u00edan entrado a abrirme la cama y encenderme la tele (aunque por lo visto ellos tampoco lo consiguieron xDDD).<\/p>\n<p>Al d\u00eda siguiente despu\u00e9s de desayunar maravillosamente bien, hacer un peque\u00f1o Wanderung con Patrick y Andr\u00e9 y remojarme un poco en el spa de nuevo, me volv\u00ed pa Basel con Simon. En Zurich \u00e9l se baj\u00f3 y Christoph, que hab\u00eda estado de parranda con Theo, se subi\u00f3. Junto a nosotros se sent\u00f3 una mami con su ni\u00f1a de unos 5-6 a\u00f1os. La madre fue a comprar algo de beber al vag\u00f3n-restaurante y como a la ni\u00f1a le pareci\u00f3 que tardaba mucho, empez\u00f3 a llorar&#8230; Ah\u00ed Christoph y yo intentando mantener entretenida a la ni\u00f1a, llamada Raimi, hasta que volvi\u00f3 su madre. Era una ni\u00f1a mon\u00edsima y encantadora xDDD<\/p>\n<p>Lo m\u00e1s impresionante de este a\u00f1o es que Sascha no tuvo ning\u00fan accidente esquiando O____o Pero no os pens\u00e9is que volvimos sin accidentados&#8230; No, Patrick, Bernie y Marco tuvieron un breve pero intenso encuentro con el hielo de camino al lago de La Cauma, y al menos, Bernie acab\u00f3 en el suelo (aunque no fue nada grave).<\/p>\n<p>Y na, dentro de un ratito subo las fotos, aunque no tengo muchas \ud83d\ude09<\/p>\n<p>Con esto y un bizcocho&#8230; Besos<br \/>Cris<\/p>\n<p>PS: Estoy super contenta&#8230; Van a abrir un FNAC en Basel&#8230; Esta ciudad cada vez es m\u00e1s perfecta (^o^)\/<\/p>\n","protected":false},"excerpt":{"rendered":"<p>Despu\u00e9s de la decepci\u00f3n que me he llevado con los Oscars (a pesar de que estaban cantados, a\u00fan ten\u00eda esperanzas de que el Bardem no se lo llevase v.v), vengo a contaros brevemente la \u00faltima aventura itsystemiana. Me pas\u00e9 toda la semana indecisa entre ir en coche o en tren. Al final opt\u00e9 por el [&hellip;]<\/p>\n","protected":false},"author":3,"featured_media":0,"comment_status":"open","ping_status":"closed","sticky":false,"template":"","format":"standard","meta":{"footnotes":""},"categories":[],"tags":[],"class_list":["post-137","post","type-post","status-publish","format-standard","hentry"],"_links":{"self":[{"href":"https:\/\/blog.lapecera.ch\/index.php?rest_route=\/wp\/v2\/posts\/137","targetHints":{"allow":["GET"]}}],"collection":[{"href":"https:\/\/blog.lapecera.ch\/index.php?rest_route=\/wp\/v2\/posts"}],"about":[{"href":"https:\/\/blog.lapecera.ch\/index.php?rest_route=\/wp\/v2\/types\/post"}],"author":[{"embeddable":true,"href":"https:\/\/blog.lapecera.ch\/index.php?rest_route=\/wp\/v2\/users\/3"}],"replies":[{"embeddable":true,"href":"https:\/\/blog.lapecera.ch\/index.php?rest_route=%2Fwp%2Fv2%2Fcomments&post=137"}],"version-history":[{"count":0,"href":"https:\/\/blog.lapecera.ch\/index.php?rest_route=\/wp\/v2\/posts\/137\/revisions"}],"wp:attachment":[{"href":"https:\/\/blog.lapecera.ch\/index.php?rest_route=%2Fwp%2Fv2%2Fmedia&parent=137"}],"wp:term":[{"taxonomy":"category","embeddable":true,"href":"https:\/\/blog.lapecera.ch\/index.php?rest_route=%2Fwp%2Fv2%2Fcategories&post=137"},{"taxonomy":"post_tag","embeddable":true,"href":"https:\/\/blog.lapecera.ch\/index.php?rest_route=%2Fwp%2Fv2%2Ftags&post=137"}],"curies":[{"name":"wp","href":"https:\/\/api.w.org\/{rel}","templated":true}]}}