{"id":1367,"date":"2010-07-13T13:35:14","date_gmt":"2010-07-13T11:35:14","guid":{"rendered":"http:\/\/lapecera.ch\/?p=1367"},"modified":"2010-07-13T13:35:14","modified_gmt":"2010-07-13T11:35:14","slug":"estrellitas-de-colores","status":"publish","type":"post","link":"https:\/\/blog.lapecera.ch\/?p=1367","title":{"rendered":"Estrellitas de colores"},"content":{"rendered":"<p>Lo primero de todo, necesito que alguien le explique a esta <em>expat<\/em> qu\u00e9 carajo es eso de &#8220;soy espa\u00f1ol, espa\u00f1ol, espa\u00f1ol&#8221;, \u00bfde d\u00f3nde viene? fO.o Disculpadme, pero vivo fuera de Espa\u00f1a y encima no tengo tele xDD<\/p>\n<p>Como me gusta desprestigiarme p\u00fablicamente por mi falta de cultura general, vengo a hacer el rid\u00edculo contando algo que ya sabr\u00e9is, pero para m\u00ed es tan nuevo y lo he pasado por alto durante tanto tiempo, que enterarme de que exist\u00eda, me ha dejado lo suficientemente alelada para querer escribir una entrada en el blog (y hacer el rid\u00edculo xD). <\/p>\n<p>El caso es que el d\u00eda de la final, cuando Adidas les dio a los jugadores de la selecci\u00f3n su nueva camiseta con estrellita inclu\u00edda, yo me qued\u00e9 un poco <em>WTF is that?<\/em> y me preguntaba yo porqu\u00e9 estaban tan contentos con la estrella de marras. Al d\u00eda siguiente, mi querido compa\u00f1ero alem\u00e1n de <em>Lunch Group<\/em>, al que intento martirizar estos d\u00edas con mi camiseta de Espa\u00f1a (*muajajajajaja*), me ilumin\u00f3 con su sabidur\u00eda&#8230; Y claro, es que la LFP no las usa como lo hacen en Alemania o en Italia, as\u00ed que es comprensible que no hubiera o\u00eddo hablar de ello en mi vida xDDD La regla general que se aplica para los clubs de f\u00fatbol es que un equipo recibe una estrella por cada 10 ligas ganadas, as\u00ed, por ejemplo el FC Basel lleva una, el GC, dos o el Bayern M\u00fcnchen, cuatro. Para los Mundiales es m\u00e1s simple con que se gane una vez ya tienes estrella al canto. Lo gracioso es que los clubs y federaciones empezaron a utilizar las estrellas en diferentes momentos de su historia, por ejemplo, los brasile\u00f1os las llevan desde el 74, pero los alemanes empezaron en el 96. <\/p>\n<p>Mi objetivo (y problema) actual es encontrar la camiseta de la selecci\u00f3n con la estrella ya puesta&#8230; en Suiza \ud83d\ude1b <\/p>\n<p>Pocas veces he echado de menos estar en Espa\u00f1a, pero esta es una de ellas. Me hubiera gustado estar ayer en Madrid o en cualquier ciudad de Espa\u00f1a el d\u00eda de la final&#8230; \u00a1Hala! Y ahora os dejo con el mon\u00f3logo de Pepe Reina presentando a sus compa\u00f1eros de equipo. Cuando este hombre se retire del f\u00fatbol, quiero verlo comentando partidos, \u00a1el t\u00edo es todo un showman! xDDD<\/p>\n<p><object width=\"560\" height=\"340\"><param name=\"movie\" value=\"http:\/\/www.youtube.com\/v\/fN8HT_bA5u8&amp;hl=en_US&amp;fs=1?color1=0x5d1719&amp;color2=0xcd311b\"><\/param><param name=\"allowFullScreen\" value=\"true\"><\/param><param name=\"allowscriptaccess\" value=\"always\"><\/param><embed src=\"http:\/\/www.youtube.com\/v\/fN8HT_bA5u8&amp;hl=en_US&amp;fs=1?color1=0x5d1719&amp;color2=0xcd311b\" type=\"application\/x-shockwave-flash\" allowscriptaccess=\"always\" allowfullscreen=\"true\" width=\"560\" height=\"340\"><\/embed><\/object><\/p>\n<blockquote><p>El 9. Todo empez\u00f3 hace dos a\u00f1os y 13 d\u00edas marcando el gol a Alemania, nos hizo so\u00f1ar, nos hizo creer y por eso hemos ganado esta copa, Fernando Torres.<\/p><\/blockquote>\n<p>Voy a luchar contra mis demonios internos que gritan &#8220;vacaciones&#8221; en vez de &#8220;termina con el trabajo&#8221;. El jueves llega mi hermana y estar\u00e9 desaparecida hasta que vuelva a Z\u00fcrich el 26 a currar v.v \u00a1Hasta la pr\u00f3xima!<\/p>\n<p>Con esto y un bizcocho&#8230; Besos<br \/>\nCris<\/p>\n","protected":false},"excerpt":{"rendered":"<p>Lo primero de todo, necesito que alguien le explique a esta expat qu\u00e9 carajo es eso de &#8220;soy espa\u00f1ol, espa\u00f1ol, espa\u00f1ol&#8221;, \u00bfde d\u00f3nde viene? fO.o Disculpadme, pero vivo fuera de Espa\u00f1a y encima no tengo tele xDD Como me gusta desprestigiarme p\u00fablicamente por mi falta de cultura general, vengo a hacer el rid\u00edculo contando algo [&hellip;]<\/p>\n","protected":false},"author":3,"featured_media":0,"comment_status":"open","ping_status":"closed","sticky":false,"template":"","format":"standard","meta":{"footnotes":""},"categories":[],"tags":[],"class_list":["post-1367","post","type-post","status-publish","format-standard","hentry"],"_links":{"self":[{"href":"https:\/\/blog.lapecera.ch\/index.php?rest_route=\/wp\/v2\/posts\/1367","targetHints":{"allow":["GET"]}}],"collection":[{"href":"https:\/\/blog.lapecera.ch\/index.php?rest_route=\/wp\/v2\/posts"}],"about":[{"href":"https:\/\/blog.lapecera.ch\/index.php?rest_route=\/wp\/v2\/types\/post"}],"author":[{"embeddable":true,"href":"https:\/\/blog.lapecera.ch\/index.php?rest_route=\/wp\/v2\/users\/3"}],"replies":[{"embeddable":true,"href":"https:\/\/blog.lapecera.ch\/index.php?rest_route=%2Fwp%2Fv2%2Fcomments&post=1367"}],"version-history":[{"count":0,"href":"https:\/\/blog.lapecera.ch\/index.php?rest_route=\/wp\/v2\/posts\/1367\/revisions"}],"wp:attachment":[{"href":"https:\/\/blog.lapecera.ch\/index.php?rest_route=%2Fwp%2Fv2%2Fmedia&parent=1367"}],"wp:term":[{"taxonomy":"category","embeddable":true,"href":"https:\/\/blog.lapecera.ch\/index.php?rest_route=%2Fwp%2Fv2%2Fcategories&post=1367"},{"taxonomy":"post_tag","embeddable":true,"href":"https:\/\/blog.lapecera.ch\/index.php?rest_route=%2Fwp%2Fv2%2Ftags&post=1367"}],"curies":[{"name":"wp","href":"https:\/\/api.w.org\/{rel}","templated":true}]}}