{"id":135,"date":"2008-02-14T11:11:00","date_gmt":"2008-02-14T09:11:00","guid":{"rendered":"http:\/\/lapecera.ch\/?p=135"},"modified":"2008-02-14T11:11:00","modified_gmt":"2008-02-14T09:11:00","slug":"vacaciones-de-cris-y-familia-v-las-plumas","status":"publish","type":"post","link":"https:\/\/blog.lapecera.ch\/?p=135","title":{"rendered":"Vacaciones de Cris y familia V: Las plumas"},"content":{"rendered":"<p>Despu\u00e9s de la excitaci\u00f3n de ayer noche tras conocer el fallo del jurado del <a href=\"http:\/\/www.sierraifabra.com\/ant\/secciones\/Fundacio_JSF\/Premio%20Literario%20Jordi%20Sierra%20i%20Fabra%202008.php\" target=\"_blank\">Premio Sierra i Fabra<\/a> (\u00a1Felicidades, \u00c1frica! *___*), os cuento un poco de mis vacaciones en los Alpes.<\/p>\n<p>Este a\u00f1o repetimos destino y compa\u00f1\u00eda en Saas Grund con los padres y la hermana de Christoph, Dominik y los ni\u00f1os. Promet\u00edan ser unas vacaciones interesantes (o insoportables, dependiendo del punto de vista).<\/p>\n<p>El piso (pisos, m\u00e1s bien) de este a\u00f1o era nuevo, m\u00e1s guapo que el del a\u00f1o pasado y estaba m\u00e1s cerca del telef\u00e9rico del Hohsaas. De hecho, Dominik se pas\u00f3 las vacaciones con la coletilla de &#8220;\u00a1qu\u00e9 bien est\u00e1 este piso!&#8221; en la boca xDDD Lo que no ten\u00eda el piso de este a\u00f1o era internet v.v As\u00ed que me pas\u00e9 una semana entera jugando con la PSP (menos mal que me la llev\u00e9, fi\u00fa) a Lara Croft hasta que llegu\u00e9 al final de la pantalla donde estoy ahora y ah\u00ed sigo porque no soy capaz de matar a los centauros \u00ac\u00ac<\/p>\n<p><img decoding=\"async\" style=\"FLOAT: left; MARGIN: 0px 10px 10px 0px\" alt=\"\" src=\"http:\/\/www.lapecera.ch\/uploaded_images\/collage-734495.jpg\" border=\"0\" \/>Lo peor de las vacaciones, aparte del mal tiempo del lunes, fue el accidente de Robi. El martes bajando a la caba\u00f1a de la SAC que hay al lado de las pistas en Saas Grund y que hace las veces de restaurante, se cay\u00f3 y se golpe\u00f3 contra una piedra rompi\u00e9ndose la clavicula, \u00a1auch! Tuvieron que ir a buscarlo en helic\u00f3ptero porque la caba\u00f1a queda en un pozo del que cuesta trabajo salir y los del rescate consideraron que era demasiado complicado sacarlo en trineo (con los esquis hay que salir con la ayuda de un telesqu\u00ed). \u00a1Todo un show, vamos! Margrit y yo nos est\u00e1bamos preparando para ir a un hotel de Wellness a pasar la ma\u00f1ana a remojo, cuando nos llam\u00f3 Christoph con las noticias, y nos tuvimos que poner en marcha hacia Visp, abajo en el valle. En resumen: A Robi se le acabaron las vacaciones el martes por la ma\u00f1ana y tendr\u00e1 que estar, al menos, 4 semanas con un vendaje especial hasta que se le cure el hueso&#8230;<\/p>\n<p>La nota c\u00f3mica de las vacaciones la puso, \u00bfc\u00f3mo no?, Janis. Esta es la conversaci\u00f3n que tuvo con su padre <span style=\"font-size:85%;\">(nota informativa: el apellido de Janis, V\u00f6geli, vendr\u00eda a significar algo as\u00ed como &#8220;pajarito&#8221;)<\/span>. Dominik estuvo arrasc\u00e1ndole la barriga a Janis y despu\u00e9s de un rato dijo al guaje:<\/p>\n<p><em>\u2014Venga, ahora te toca a ti \u2014y se coloc\u00f3 para que Janis le arrascase un rato la barriga. Janis coge le levanta la camiseta a su padre y le pregunta:<br \/>\u2013\u00bfTienes plumas? \u2014Dominik empez\u00f3 a descojonarse y Sabine aprovechando la coyuntura le dice al ni\u00f1o:<br \/>\u2013S\u00ed, claro, es un &#8220;V\u00f6geli&#8221;<\/em><\/p>\n<p>Con semejante salida, yo llor\u00e9 de risa&#8230;<\/p>\n<p>Este a\u00f1o no esqui\u00e9 mucho, s\u00f3lo dos d\u00edas: uno en Saas Grund, donde casi muero de fr\u00edo y otro en Saas Fee, donde estuve tomando algo con mi compa\u00f1era de trabajo, Nathalie, que estaba de vacaciones con sus padres all\u00ed (nos enteramos el \u00faltimo d\u00eda de trabajo que ibamos de vacaciones al mismo sitio, bueno, casi). El resto del tiempo me dediqu\u00e9 a remolonear, hacer una web, jugar a Tomb Raider y leer, aunque no acab\u00e9 ninguno de los dos libros que me llev\u00e9.<\/p>\n<p>\u00a1Ah! Para los que no lo sepan a\u00fan, el s\u00e1bado a la vuelta de las vacaciones tuve una prueba con un grupo de pop\/rock de Olten llamado &#8220;On Gravity&#8221;. La verdad es que mi voz no pega ni con cola con sus canciones y ellos buscan a alguien con experiencia, pero me invitaron a ir y yo fui xDD Los chicos son super majos y bueno, aunque no me cojan, me gust\u00f3 la nueva experiencia. Dentro de unas dos semanas tendr\u00e9 noticias de ellos, sean \u00e9stas buenas o malas. Ya os contar\u00e9 \ud83d\ude09<\/p>\n<p>Y nada m\u00e1s, creo fO.o Las fotos est\u00e1n en la secci\u00f3n de <a href=\"http:\/\/picasaweb.google.com\/papalbina\" target=\"_blank\">Picasa<\/a>. <\/p>\n<p>Con esto y un bizcocho&#8230; Besos<br \/>Cris<\/p>\n","protected":false},"excerpt":{"rendered":"<p>Despu\u00e9s de la excitaci\u00f3n de ayer noche tras conocer el fallo del jurado del Premio Sierra i Fabra (\u00a1Felicidades, \u00c1frica! *___*), os cuento un poco de mis vacaciones en los Alpes. Este a\u00f1o repetimos destino y compa\u00f1\u00eda en Saas Grund con los padres y la hermana de Christoph, Dominik y los ni\u00f1os. Promet\u00edan ser unas [&hellip;]<\/p>\n","protected":false},"author":3,"featured_media":0,"comment_status":"open","ping_status":"closed","sticky":false,"template":"","format":"standard","meta":{"footnotes":""},"categories":[],"tags":[],"class_list":["post-135","post","type-post","status-publish","format-standard","hentry"],"_links":{"self":[{"href":"https:\/\/blog.lapecera.ch\/index.php?rest_route=\/wp\/v2\/posts\/135","targetHints":{"allow":["GET"]}}],"collection":[{"href":"https:\/\/blog.lapecera.ch\/index.php?rest_route=\/wp\/v2\/posts"}],"about":[{"href":"https:\/\/blog.lapecera.ch\/index.php?rest_route=\/wp\/v2\/types\/post"}],"author":[{"embeddable":true,"href":"https:\/\/blog.lapecera.ch\/index.php?rest_route=\/wp\/v2\/users\/3"}],"replies":[{"embeddable":true,"href":"https:\/\/blog.lapecera.ch\/index.php?rest_route=%2Fwp%2Fv2%2Fcomments&post=135"}],"version-history":[{"count":0,"href":"https:\/\/blog.lapecera.ch\/index.php?rest_route=\/wp\/v2\/posts\/135\/revisions"}],"wp:attachment":[{"href":"https:\/\/blog.lapecera.ch\/index.php?rest_route=%2Fwp%2Fv2%2Fmedia&parent=135"}],"wp:term":[{"taxonomy":"category","embeddable":true,"href":"https:\/\/blog.lapecera.ch\/index.php?rest_route=%2Fwp%2Fv2%2Fcategories&post=135"},{"taxonomy":"post_tag","embeddable":true,"href":"https:\/\/blog.lapecera.ch\/index.php?rest_route=%2Fwp%2Fv2%2Ftags&post=135"}],"curies":[{"name":"wp","href":"https:\/\/api.w.org\/{rel}","templated":true}]}}