{"id":134,"date":"2008-01-23T21:25:00","date_gmt":"2008-01-23T19:25:00","guid":{"rendered":"http:\/\/lapecera.ch\/?p=134"},"modified":"2008-01-23T21:25:00","modified_gmt":"2008-01-23T19:25:00","slug":"and-the-oscar-will-go-to","status":"publish","type":"post","link":"https:\/\/blog.lapecera.ch\/?p=134","title":{"rendered":"And the Oscar will go to&#8230;"},"content":{"rendered":"<p>Dejando de lado el hecho de que hoy hemos recibido la triste noticia de la muerte de Heath Ledger, uno de los actores m\u00e1s prometedores del panorama actual, voy a hablar de otra noticia que nos lleg\u00f3 ayer desde el otro lado del charco (es que ando a uvas): <a href=\"http:\/\/www.imdb.com\/features\/rto\/2008\/oscars\" target=\"_blank\">las nominaciones a los Oscars ^_____^<\/a>.<\/p>\n<p><a href=\"http:\/\/www.lapecera.ch\/uploaded_images\/AwardOscar-745527.jpg\"><img decoding=\"async\" style=\"float:right; margin:0 0 10px 10px;cursor:pointer; cursor:hand;\" src=\"http:\/\/www.lapecera.ch\/uploaded_images\/AwardOscar-745522.jpg\" border=\"0\" alt=\"\" \/><\/a>De las cinco pel\u00edculas nominadas en la categor\u00eda principal, o sea, a la mejor pel\u00edcula, s\u00f3lo he visto la \u00fanica que aporta un poco de gracia al quinteto nominado: <em>Juno<\/em>. Me encantar\u00eda que una vez m\u00e1s se llevase el Oscar una comedia, pero me temo que no va a ser as\u00ed&#8230; O igual suena la flauta, \u00bfqui\u00e9n sabe? Sus competidoras, de todas formas, no se lo pondr\u00e1n f\u00e1cil.<\/p>\n<p>\u00bfPero qu\u00e9 me dec\u00eds de las nominaciones a mejor actriz y actor principal? He leido por ah\u00ed que Daniel Day-Lewis es favorito por su trabajo en <em>There will be blood<\/em>, pero \u00a1c\u00f3mo me gustar\u00eda que por una vez se llevase el Oscar Johnny Depp o Viggo Mortensen! xDDDD Las actrices: Parte como favorita Julie Christie, pero aunque no he visto <em>Elizabeth: The Golden Age<\/em>, yo me decanto por Cate Blanchett que hace nueve a\u00f1os no se lo dieron interpretando el mismo papel y se lo merec\u00eda m\u00e1s que Gwyneth Paltrow <span style=\"font-size:85%;\">(aunque igual resulta raro que ganen actrices en a\u00f1os consecutivos interpretando a una reina de Inglaterra xD)<\/span> o en su defecto por Ellen Page, que es peque\u00f1a, pero matona y tiene un gran talento.<\/p>\n<p>Cate Blanchett, adem\u00e1s, este a\u00f1o hace doblete y est\u00e1 nominada tambi\u00e9n en la categoria de actriz secundaria por su interpretaci\u00f3n de Bob Dylan en <em>I&#8217;m not there<\/em>. Aunque gan\u00f3 el Globo de Oro por ese papel, yo sigo en mis trece, quiero que le den el Oscar por <em>Elizabeth<\/em>, le\u00f1e xDD \u00a1Ah! Y en actores, habr\u00e1 que apoyar al producto nacional, o sea, a Javier Bardem, aunque pens\u00e1ndolo bien, este tipo no me gusta como actor y encima me cae mal&#8230; \u00a1Hmmm! Pues mi quiniela en ese apartado se queda en blanco xDD<\/p>\n<p>El resto de categorias no puedo comentarlas mucho porque evidentemente de la t\u00e9cnica yo ni papa, pero me ha llamado la atenci\u00f3n que en el apartado de Mejor Canci\u00f3n Original hay TRES canciones de <em>Enchanted<\/em>, pel\u00edcula por cierto que tengo ganas de ver, aunque s\u00f3lo sea para echarme unas risas xDDD y en Gui\u00f3n Original est\u00e1 nominada&#8230; <em>RATATOUILLE<\/em>. Creo que <em>Juno<\/em> tiene m\u00e1s posibilidades, pero yo como siempre estoy de parte de los dibujos animados, pos esta vez no va a ser menos. <\/p>\n<p>Na, ahora s\u00f3lo queda esperar al 24 de febrero. \u00bfY vosotros qu\u00e9 pens\u00e1is? \u00a1Se\u00f1oras y se\u00f1ores, hagan sus apuestas! \ud83d\ude09<\/p>\n<p>Con esto y un bizcocho&#8230; Besos<br \/>Cris<\/p>\n","protected":false},"excerpt":{"rendered":"<p>Dejando de lado el hecho de que hoy hemos recibido la triste noticia de la muerte de Heath Ledger, uno de los actores m\u00e1s prometedores del panorama actual, voy a hablar de otra noticia que nos lleg\u00f3 ayer desde el otro lado del charco (es que ando a uvas): las nominaciones a los Oscars ^_____^. [&hellip;]<\/p>\n","protected":false},"author":3,"featured_media":0,"comment_status":"open","ping_status":"closed","sticky":false,"template":"","format":"standard","meta":{"footnotes":""},"categories":[],"tags":[],"class_list":["post-134","post","type-post","status-publish","format-standard","hentry"],"_links":{"self":[{"href":"https:\/\/blog.lapecera.ch\/index.php?rest_route=\/wp\/v2\/posts\/134","targetHints":{"allow":["GET"]}}],"collection":[{"href":"https:\/\/blog.lapecera.ch\/index.php?rest_route=\/wp\/v2\/posts"}],"about":[{"href":"https:\/\/blog.lapecera.ch\/index.php?rest_route=\/wp\/v2\/types\/post"}],"author":[{"embeddable":true,"href":"https:\/\/blog.lapecera.ch\/index.php?rest_route=\/wp\/v2\/users\/3"}],"replies":[{"embeddable":true,"href":"https:\/\/blog.lapecera.ch\/index.php?rest_route=%2Fwp%2Fv2%2Fcomments&post=134"}],"version-history":[{"count":0,"href":"https:\/\/blog.lapecera.ch\/index.php?rest_route=\/wp\/v2\/posts\/134\/revisions"}],"wp:attachment":[{"href":"https:\/\/blog.lapecera.ch\/index.php?rest_route=%2Fwp%2Fv2%2Fmedia&parent=134"}],"wp:term":[{"taxonomy":"category","embeddable":true,"href":"https:\/\/blog.lapecera.ch\/index.php?rest_route=%2Fwp%2Fv2%2Fcategories&post=134"},{"taxonomy":"post_tag","embeddable":true,"href":"https:\/\/blog.lapecera.ch\/index.php?rest_route=%2Fwp%2Fv2%2Ftags&post=134"}],"curies":[{"name":"wp","href":"https:\/\/api.w.org\/{rel}","templated":true}]}}