{"id":130,"date":"2008-01-09T18:35:00","date_gmt":"2008-01-09T16:35:00","guid":{"rendered":"http:\/\/lapecera.ch\/?p=130"},"modified":"2008-01-09T18:35:00","modified_gmt":"2008-01-09T16:35:00","slug":"ano-nuevo-entrada-nueva-iii","status":"publish","type":"post","link":"https:\/\/blog.lapecera.ch\/?p=130","title":{"rendered":"A\u00f1o Nuevo, Entrada Nueva III"},"content":{"rendered":"<p>\u00a1Ay! \u00bfPor d\u00f3nde empiezo? Bueno, vayamos por cap\u00edtulos para no embarullarme \ud83d\ude09<\/p>\n<p><strong>1. Navidades<\/strong><\/p>\n<p>El d\u00eda 24 cenamos con los padres de Christoph como siempre y, despu\u00e9s de intentar tocar la guitarra y cantar villancicos, Chris y yo nos dimos los regalos. Me regal\u00f3 un bono para mi tienda de c\u00f3mics favorita, un gorro para poner debajo del casco de la bici y un <a href=\"http:\/\/www.lapecera.ch\/stuff\/ring2.jpg\" rel=\"example3\">anillo de Swatch<\/a> ^___^<\/p>\n<p>El d\u00eda 25 cenamos en casa de la hermana de Christoph para celebrar todos juntos Navidad y el cumplea\u00f1os de Margrit. Lo pasamos pipa con el enano, pero se me olvid\u00f3 la c\u00e1mara en Lostorf, as\u00ed que no pude hacer ninguna foto v.v Mi familiar invisible me regal\u00f3 unos <a href=\"http:\/\/www.lapecera.ch\/stuff\/crocs.jpg\" rel=\"example3\">Crocs con borreguillo<\/a> *\u00ac* Y Janis nos regal\u00f3 un calendario con fotos guap\u00edsimo que ahora cuelga de la pared de nuestra cocina ^___^<\/p>\n<p><strong>2. La famosa cena internacional: Tailandia<\/strong><\/p>\n<p>El d\u00eda 28 llegamos a Oviedo a las 12 del mediod\u00eda y, aunque estaba hecha polvo despues de levantarme a las 3 y media, me fui a la pelu a que me dejaran el flequillo demasiado corto \u00ac\u00ac y a hacer las compras que me faltaban pa la cena&#8230;<\/p>\n<p><img decoding=\"async\" style=\"FLOAT: right; MARGIN: 0px 0px 10px 10px;\" alt=\"\" src=\"http:\/\/www.lapecera.ch\/lapecera.ch\/fotoblog\/cena29122007\/Wisky.JPG.jpg\" width=\"200\" border=\"0\" \/>La cena genial, como siempre, con esa gente tan chifl\u00e1 xDDD Este a\u00f1o casi me quedo corta con la comida, o mejor dicho, me qued\u00e9 corta, porque si hubiera habido m\u00e1s comida, se la hubieran comida (y eso que me confund\u00ed con las potas y al final los que no quer\u00edan picante acabaron probando de la m\u00e1s fuerte v.v \u00a1casi me matan!). Despu\u00e9s del postre nos repartimos los amigos invisibles. Mi amigo invisible me regal\u00f3 una camiseta con un logo de &#8220;Perdidos&#8221; que a\u00fan no entiendo, pero lo entender\u00e9 *muajaja* Los regalos m\u00e1s notables y que hay que mencionar sin falta fueron:<\/p>\n<ul>\n<li>el <a href=\"http:\/\/www.catalogue536.24studio.co.uk\/shared\/izoom\/zoom.htm?b=KHLeafletOct07&amp;p=118&amp;i=223-545-57KHs&amp;h=900&amp;w=900&amp;l=page.asp?b=KHLeafletOct07&amp;p=118&amp;o=2&amp;s=1\" target=\"_blank\">parch\u00eds alc\u00f3holico<\/a> de Cristina para mi prima, que encima fue de lo m\u00e1s invisible porque Cristina no hab\u00eda recibido su e-mail xDDD Si llega a saber a qui\u00e9n ten\u00eda que regalar no hubiera acertado tan de lleno&#8230; Comentario de mi prima ante su regalo: &#8220;Ostia, un parch\u00eds alc\u00f3holico para la m\u00e1s borraca&#8221; xDD El juego es una especie de parch\u00eds, ludo o <em>Mensch \u00e4rgere dich nicht<\/em> en el que se juegan con cuatro chupitos y, cuando te comen, tienes que beberte el licor. Lo dicho, \u00a1perfecto pa M\u00f3nica!<\/li>\n<p><\/p>\n<li>la camiseta de M\u00f3nica a Ra\u00fal que ella misma pint\u00f3 y que pon\u00eda debajo de un dibujo de Darth Vader: &#8220;En caso de accidente, no me quiten el casco&#8221;. Pero fue a\u00fan m\u00e1s divertido, si se pone todo dentro del contexto adecuado: minutos antes hab\u00edamos estado hablando de DuPont, donde Ra\u00fal trabaja, y sus medidas de seguridad xDDD<\/li>\n<p><\/p>\n<li><a href=\"http:\/\/www.lapecera.ch\/lapecera.ch\/fotoblog\/cena29122007\/la%20cosa\/el_amigo_invisible_de_Javi.JPG.jpg\" rel=\"example3\">el mu\u00f1eco para montar de La Cosa de Los Cuatro Fant\u00e1sticos<\/a> que Maria le regal\u00f3 a Javi. Fue el protagonista de la noche. Sin comentarios: ver <a href=\"http:\/\/picasaweb.google.com\/lapecera.fotos\/CenasInternacionales?authkey=Gv1sRgCLLF-oKljqDtFQ#5348017205749783330\" target=\"_blank\">fotos<\/a><\/li>\n<\/ul>\n<p>Despu\u00e9s estuvimos jugando al Scattergories por parejas. A destacar el tr\u00edo Carlos-M\u00f3nica-Christoph con sus aportaciones a las categorias &#8220;Malas costumbres&#8221; con la F (follar con desconocidos), &#8220;Actividades que se realizan en el tiempo de ocio&#8221; con la F (follar con conocidos) y &#8220;Cosas que causan alegr\u00eda&#8221;, aunque la tarjeta dec\u00eda &#8220;alergia&#8221;, con la F (fantasear con follar con desconocidos). \u00a1Ah! \u00a1Y pa chula yo! Personaje hist\u00f3rico con la B = Bisbal y me la dieron por buena xDDDDDDDDD<\/p>\n<p>Un a\u00f1o m\u00e1s lo pasamos pipa y casi le estrenamos el piso a Emma (conversaci\u00f3n rid\u00edcula donde las haya: <span style=\"font-size:85%;\">&#8220;Emma, necesito ayuda, \u00bfc\u00f3mo funciona tu cocina?&#8221; &#8220;A m\u00ed qu\u00e9 me preguntas, si la estren\u00e9 ayer&#8221;<\/span> xDDD). El a\u00f1o que viene probaremos otra comida e igual estrenamos otro piso y too \ud83d\ude09 Muchas gracias a todos por venir. <b>\u00a1Sois todos geniales y se os quiere un mont\u00f3n!<\/b><\/p>\n<p><strong>3. Nochevieja y el resto<\/strong><\/p>\n<p>Estabamos cansados y quer\u00edamos volver pronto a casa, pero al final estuvimos en un bar tomando algo y charlando hasta casi las cuatro y luego nos fuimos a bailar hasta las seis. Acabamos tomando el chocolate con churros (por primera vez en mi vida) con Christoph pataleando por todo v.v Pero lo pas\u00e9 bien ^___^<\/p>\n<p>El d\u00eda 1 fuimos al cine a ver &#8220;Soy leyenda&#8221; y la verdad es que me decepcion\u00f3 un poco. Esperaba que fueran algo m\u00e1s fieles al libro. Es la primera vez que una pel\u00edcula me decepciona por compararla con un libro que todav\u00eda no hab\u00eda le\u00eddo xDD El d\u00eda 2 cenamos en el restaurante San en Oviedo. Mi hermana comi\u00f3 sushi \u00a1con palillos! O_____O Y luego acabamos tomando algo en un caf\u00e9-bar al lado del Campoamor. El d\u00eda 3 fue d\u00eda de relax maletero y \u00faltimas visitas. El d\u00eda 4 a las 12 cog\u00edamos el avi\u00f3n <span style=\"font-size:85%;\">(y dej\u00e1bamos, por lo visto, a mi sister llorando como una magdalena T-T un abrazo oso para la enana ;))<\/span>.<\/p>\n<p><strong>4. Reyes<\/strong><\/p>\n<p>No estuvimos en Reyes, pero nos comimos un Rosc\u00f3n de Reyes Suizo que est\u00e1 m\u00e1s bueno que el espa\u00f1ol ^__^ Mis regalos me los dieron con adelanto, evidentemente. Fueron libros, sobre todo: Tokyo Blues, Kafka en la orilla, Me llamo Rojo, Ensayos de Michel de Montaigne y el nuevo disco de Eros Ramazzotti. Entre estos y los que me compr\u00e9 yo, volv\u00ed pa casa con seis kilos m\u00e1s de libros y c\u00f3mics, ahora s\u00f3lo queda le\u00e9rmelos v.v<\/p>\n<p>Empezar de nuevo al trabajo el lunes me cost\u00f3 un g\u00fcevazo y eso que nos pasamos el fin de semana vagueando como pocas veces hab\u00edamos hecho&#8230; Me cost\u00f3 un poco volver a la rutina y a\u00fan sigo algo descolocada, pero se me pasar\u00e1 pronto (hasta las pr\u00f3ximas vacaciones en febrero xD).<\/p>\n<p>Y na, eso es todo. No tengo muchas fotos, s\u00f3lo he subido las que hizo M\u00f3nica, pero pod\u00e9is echarle un vistazo <a href=\"http:\/\/picasaweb.google.com\/lapecera.fotos\/CenasInternacionales?authkey=Gv1sRgCLLF-oKljqDtFQ&#038;feat=directlink\" target=\"_blank\"><strong>aqu\u00ed<\/strong><\/a>.<\/p>\n<p>Con esto y un bizcocho&#8230; Besos<br \/>Cris<\/p>\n","protected":false},"excerpt":{"rendered":"<p>\u00a1Ay! \u00bfPor d\u00f3nde empiezo? Bueno, vayamos por cap\u00edtulos para no embarullarme \ud83d\ude09 1. Navidades El d\u00eda 24 cenamos con los padres de Christoph como siempre y, despu\u00e9s de intentar tocar la guitarra y cantar villancicos, Chris y yo nos dimos los regalos. Me regal\u00f3 un bono para mi tienda de c\u00f3mics favorita, un gorro para [&hellip;]<\/p>\n","protected":false},"author":3,"featured_media":0,"comment_status":"open","ping_status":"closed","sticky":false,"template":"","format":"standard","meta":{"footnotes":""},"categories":[],"tags":[],"class_list":["post-130","post","type-post","status-publish","format-standard","hentry"],"_links":{"self":[{"href":"https:\/\/blog.lapecera.ch\/index.php?rest_route=\/wp\/v2\/posts\/130","targetHints":{"allow":["GET"]}}],"collection":[{"href":"https:\/\/blog.lapecera.ch\/index.php?rest_route=\/wp\/v2\/posts"}],"about":[{"href":"https:\/\/blog.lapecera.ch\/index.php?rest_route=\/wp\/v2\/types\/post"}],"author":[{"embeddable":true,"href":"https:\/\/blog.lapecera.ch\/index.php?rest_route=\/wp\/v2\/users\/3"}],"replies":[{"embeddable":true,"href":"https:\/\/blog.lapecera.ch\/index.php?rest_route=%2Fwp%2Fv2%2Fcomments&post=130"}],"version-history":[{"count":0,"href":"https:\/\/blog.lapecera.ch\/index.php?rest_route=\/wp\/v2\/posts\/130\/revisions"}],"wp:attachment":[{"href":"https:\/\/blog.lapecera.ch\/index.php?rest_route=%2Fwp%2Fv2%2Fmedia&parent=130"}],"wp:term":[{"taxonomy":"category","embeddable":true,"href":"https:\/\/blog.lapecera.ch\/index.php?rest_route=%2Fwp%2Fv2%2Fcategories&post=130"},{"taxonomy":"post_tag","embeddable":true,"href":"https:\/\/blog.lapecera.ch\/index.php?rest_route=%2Fwp%2Fv2%2Ftags&post=130"}],"curies":[{"name":"wp","href":"https:\/\/api.w.org\/{rel}","templated":true}]}}