{"id":127,"date":"2007-12-23T23:32:00","date_gmt":"2007-12-23T21:32:00","guid":{"rendered":"http:\/\/lapecera.ch\/?p=127"},"modified":"2007-12-23T23:32:00","modified_gmt":"2007-12-23T21:32:00","slug":"consumista-nata-iv-othman-again","status":"publish","type":"post","link":"https:\/\/blog.lapecera.ch\/?p=127","title":{"rendered":"Consumista nata IV: Othman, again"},"content":{"rendered":"<p>\u00a1Vaya fin de semana! \u00daltimo fin de semana antes de Navidades y como no, yo he estado de compras. \u00a1S\u00ed\u00ed\u00ed\u00ed! Me he comprado la chaqueta y es mon\u00edsima *\u00ac*<\/p>\n<p>Ayer por la noche fuimos a ver la gala sobre hielo, &#8220;St\u00e9phane Lambiel &amp; Friends&#8221;. Aparte de Lambiel, tambi\u00e9n participaron Jamal Othman, Sarah Meier, Marina Anissima y Gwendal Peizerat, Surya Bonal, Aljona Savchenko y Robin Szolkowy o Tessa Virtue y Scott Moir. Mis favoritos fueron las parejas, sobre todo, Virtue y Moir con su Tennessee Waltz, fue precioso y, como no, mi nene, Jamal &#8220;quesito&#8221; Othman (parafraseando a la Srta. Holmes). Lo m\u00e1s gracioso de la gala no fue la gala en si misma (aunque el presentador casi se pega la leche con los patines al salir al hielo), sino que nos encontrasemos con unos amigos y sus hijas en la misma secci\u00f3n del estadio sin haberlo planeado ni nada, \u00a1qu\u00e9 risas!<\/p>\n<p><object height=\"355\" width=\"425\"><param name=\"movie\" value=\"http:\/\/www.youtube.com\/v\/O0PWP49xCtE&amp;rel=1\"><param name=\"wmode\" value=\"transparent\"><embed src=\"http:\/\/www.youtube.com\/v\/O0PWP49xCtE&#038;rel=1\" type=\"application\/x-shockwave-flash\" wmode=\"transparent\" width=\"425\" height=\"355\"><\/embed><\/object><br \/><span style=\"font-size:78%;\">Tessa Virtue y Scott Moir con &#8220;The Tennessee Waltz&#8221;<\/span><\/p>\n<p>Hoy, en cambio, me toc\u00f3 cantar. El problema es que con el catarro y la garganta irritada las notas altas hacen da\u00f1o y ahora mismo me duele y creo que tendr\u00e9 que tomarme algo v.v Fue una experiencia interesante, pero paso de volver a apuntarme a un coro de este tipo hecho ad-hoc para cantar hoy y sanseacab\u00f3. Creo que tendr\u00e9 que seguir buscando un coro interesante donde tambi\u00e9n pueda aprender a cantar con un poco de t\u00e9cnica (lo suficiente como para que no me duela luego la garganta, le\u00f1e \u00ac\u00ac). \u00bfEl repertorio? 1. &#8220;Adeste Fideles&#8221; en ingl\u00e9s, o sea, &#8220;Oh, come all ye faithful&#8221;, 2. &#8220;Oh, Holy Night&#8221;, 3. &#8220;Joyful, Joyful&#8221;, 4. &#8220;Amazing Grace&#8221;, 5. &#8220;Jesus saves&#8221; \ud83d\ude1b 6. &#8220;Shine your light&#8221; y 7. &#8220;Amen&#8221; con los ni\u00f1os. No me gustaban las canciones, pero ten\u00eda que probar a cantar con un coro. Ahora s\u00e9 que me puede gustar, pero no con \u00e9ste&#8230; En fin&#8230; Seguir\u00e9 buscando&#8230;<\/p>\n<p>Y na, por \u00faltimo, antes de irme pa la cama, os recomiendo que os ve\u00e1is la pel\u00edcula <em>Barfuss<\/em> (Descalzo) con Til Schweiger (Quesito *\u00ac*) y Johanna Wokalek. Es una de mis pel\u00edculas favoritas. Es preciosa y muy divertida \ud83d\ude09<\/p>\n<p>Me voy a tomar un paracetamol o un ibuprofeno o cualquier antiinflamatorio (jo, me duele la garganta v.v) y pal sobre.<\/p>\n<p>Con esto y un bizcocho&#8230; Besos<br \/>Cris<\/p>\n","protected":false},"excerpt":{"rendered":"<p>\u00a1Vaya fin de semana! \u00daltimo fin de semana antes de Navidades y como no, yo he estado de compras. \u00a1S\u00ed\u00ed\u00ed\u00ed! Me he comprado la chaqueta y es mon\u00edsima *\u00ac* Ayer por la noche fuimos a ver la gala sobre hielo, &#8220;St\u00e9phane Lambiel &amp; Friends&#8221;. Aparte de Lambiel, tambi\u00e9n participaron Jamal Othman, Sarah Meier, Marina Anissima [&hellip;]<\/p>\n","protected":false},"author":3,"featured_media":0,"comment_status":"open","ping_status":"closed","sticky":false,"template":"","format":"standard","meta":{"footnotes":""},"categories":[],"tags":[],"class_list":["post-127","post","type-post","status-publish","format-standard","hentry"],"_links":{"self":[{"href":"https:\/\/blog.lapecera.ch\/index.php?rest_route=\/wp\/v2\/posts\/127","targetHints":{"allow":["GET"]}}],"collection":[{"href":"https:\/\/blog.lapecera.ch\/index.php?rest_route=\/wp\/v2\/posts"}],"about":[{"href":"https:\/\/blog.lapecera.ch\/index.php?rest_route=\/wp\/v2\/types\/post"}],"author":[{"embeddable":true,"href":"https:\/\/blog.lapecera.ch\/index.php?rest_route=\/wp\/v2\/users\/3"}],"replies":[{"embeddable":true,"href":"https:\/\/blog.lapecera.ch\/index.php?rest_route=%2Fwp%2Fv2%2Fcomments&post=127"}],"version-history":[{"count":0,"href":"https:\/\/blog.lapecera.ch\/index.php?rest_route=\/wp\/v2\/posts\/127\/revisions"}],"wp:attachment":[{"href":"https:\/\/blog.lapecera.ch\/index.php?rest_route=%2Fwp%2Fv2%2Fmedia&parent=127"}],"wp:term":[{"taxonomy":"category","embeddable":true,"href":"https:\/\/blog.lapecera.ch\/index.php?rest_route=%2Fwp%2Fv2%2Fcategories&post=127"},{"taxonomy":"post_tag","embeddable":true,"href":"https:\/\/blog.lapecera.ch\/index.php?rest_route=%2Fwp%2Fv2%2Ftags&post=127"}],"curies":[{"name":"wp","href":"https:\/\/api.w.org\/{rel}","templated":true}]}}