{"id":125,"date":"2007-12-16T22:35:00","date_gmt":"2007-12-16T20:35:00","guid":{"rendered":"http:\/\/lapecera.ch\/?p=125"},"modified":"2007-12-16T22:35:00","modified_gmt":"2007-12-16T20:35:00","slug":"consumista-nata-iii-dont-stop","status":"publish","type":"post","link":"https:\/\/blog.lapecera.ch\/?p=125","title":{"rendered":"Consumista nata III: Don&#8217;t Stop"},"content":{"rendered":"<p>Ich blamiere mich jetzt ein bisschen* v.v<\/p>\n<p>Este fin de semana deber\u00edamos haber ido al 70 cumplea\u00f1os del padrino de Christoph y haber dormido en Lostorf, pero como el ni\u00f1o ha pillao la gripe, hemos tenido que quedarnos en casa. As\u00ed pues la menda aprovech\u00f3 el s\u00e1bado para hacer las \u00faltimas compras de navidad que me faltaban (bueno, casi todas, que a\u00fan me queda una chorradita). En mi tour navide\u00f1o consumista por la ciudad me encontr\u00e9 con que en mi tienda favorita de ropa outdoor tienen la chaqueta que yo quiero rebajada&#8230; pero a\u00fan as\u00ed sigue siendo cara y no s\u00e9 qu\u00e9 hacer T____T<\/p>\n<p>Bueno, el caso es que el viernes estuve con Tatiana haciendo experimentos con su DVD-Recorder y consegu\u00ed hacer visible el DVD con el v\u00eddeo de la actuaci\u00f3n en la Hoffest en junio. Con un poco de ayuda de san Google he conseguido extraer una canci\u00f3n para que la pod\u00e1is ver y as\u00ed *ponerme en rid\u00edculo de una vez por todas en mi propia web xDD Aqu\u00ed lo ten\u00e9is:<\/p>\n<p><object width=\"425\" height=\"355\"><param name=\"movie\" value=\"http:\/\/www.youtube.com\/v\/VCG4yVdv0SI&#038;hl=en\"><\/param><param name=\"wmode\" value=\"transparent\"><\/param><embed src=\"http:\/\/www.youtube.com\/v\/VCG4yVdv0SI&#038;hl=en\" type=\"application\/x-shockwave-flash\" wmode=\"transparent\" width=\"425\" height=\"355\"><\/embed><\/object><\/p>\n<p>Y por \u00faltimo, ayer vimos <em>Stardust<\/em> y me encant\u00f3. Es una peli preciosa. Siempre me ha gustado mucho Claire Danes y en esta pel\u00edcula est\u00e1 genial&#8230; Apuntada en mi lista de futuras adquisiciones <img decoding=\"async\" src=\"http:\/\/www.lapecera.ch\/emoticons\/writing.gif\" align=\"textTop\" \/><\/p>\n<p>Ya me voy \ud83d\ude09<\/p>\n<p>Con esto y un bizcocho&#8230; Besos<br \/>Cris<\/p>\n","protected":false},"excerpt":{"rendered":"<p>Ich blamiere mich jetzt ein bisschen* v.v Este fin de semana deber\u00edamos haber ido al 70 cumplea\u00f1os del padrino de Christoph y haber dormido en Lostorf, pero como el ni\u00f1o ha pillao la gripe, hemos tenido que quedarnos en casa. As\u00ed pues la menda aprovech\u00f3 el s\u00e1bado para hacer las \u00faltimas compras de navidad que [&hellip;]<\/p>\n","protected":false},"author":3,"featured_media":0,"comment_status":"open","ping_status":"closed","sticky":false,"template":"","format":"standard","meta":{"footnotes":""},"categories":[],"tags":[],"class_list":["post-125","post","type-post","status-publish","format-standard","hentry"],"_links":{"self":[{"href":"https:\/\/blog.lapecera.ch\/index.php?rest_route=\/wp\/v2\/posts\/125","targetHints":{"allow":["GET"]}}],"collection":[{"href":"https:\/\/blog.lapecera.ch\/index.php?rest_route=\/wp\/v2\/posts"}],"about":[{"href":"https:\/\/blog.lapecera.ch\/index.php?rest_route=\/wp\/v2\/types\/post"}],"author":[{"embeddable":true,"href":"https:\/\/blog.lapecera.ch\/index.php?rest_route=\/wp\/v2\/users\/3"}],"replies":[{"embeddable":true,"href":"https:\/\/blog.lapecera.ch\/index.php?rest_route=%2Fwp%2Fv2%2Fcomments&post=125"}],"version-history":[{"count":0,"href":"https:\/\/blog.lapecera.ch\/index.php?rest_route=\/wp\/v2\/posts\/125\/revisions"}],"wp:attachment":[{"href":"https:\/\/blog.lapecera.ch\/index.php?rest_route=%2Fwp%2Fv2%2Fmedia&parent=125"}],"wp:term":[{"taxonomy":"category","embeddable":true,"href":"https:\/\/blog.lapecera.ch\/index.php?rest_route=%2Fwp%2Fv2%2Fcategories&post=125"},{"taxonomy":"post_tag","embeddable":true,"href":"https:\/\/blog.lapecera.ch\/index.php?rest_route=%2Fwp%2Fv2%2Ftags&post=125"}],"curies":[{"name":"wp","href":"https:\/\/api.w.org\/{rel}","templated":true}]}}