{"id":122,"date":"2007-12-06T17:59:00","date_gmt":"2007-12-06T15:59:00","guid":{"rendered":"http:\/\/lapecera.ch\/?p=122"},"modified":"2007-12-06T17:59:00","modified_gmt":"2007-12-06T15:59:00","slug":"consumista-nata-felices-fiestas","status":"publish","type":"post","link":"https:\/\/blog.lapecera.ch\/?p=122","title":{"rendered":"Consumista nata: Felices Fiestas"},"content":{"rendered":"<p>Ayer por la tarde sal\u00ed del trabajo en busca de un regalo de cumplea\u00f1os y volv\u00ed con una <a href=\"http:\/\/www.lapecera.ch\/uploaded_images\/burtonkoffer.jpg\" rel=\"example3\">maleta<\/a> para m\u00ed&#8230; Pa egoc\u00e9ntrica, yo&#8230; porque yo lo valgo. Pero todo tiene explicaci\u00f3n: Hace semanas que busco esa maleta y no la encontraba en ninguna parte, salvo en Internet. Ayer la encontr\u00e9, adem\u00e1s, 50 francos m\u00e1s barata que en Internet O__O Y tiene una bolsa especial dentro para meter los zapatos. \u00a1Ainss, c\u00f3mo me molan esas pijadas! Creo que lo voy a considerar mi auto-regalo de Navidad&#8230; que este a\u00f1o me he portado mu bien ^___^<\/p>\n<p>El fin de semana pasado, Chris y yo estuvimos de compras por Berna lo cual result\u00f3 en la busqueda infructuosa de la arriba mencionada maleta y del regalo para mi hermana. Pero bueno, pa algo sirvi\u00f3 la visita a la capital. Volvimos a casa con cuatro nuevos CDs: tres de m\u00fasica cl\u00e1sica (&#8220;Pictures at an exhibition&#8221; de Mussorgsky, una selecci\u00f3n de Don Giovanni y un SA-CD con los conciertos para piano n\u00b02 y 3 de Rachmaninov) y un recopilatorio de Bob Dylan; una gu\u00eda de paseos de Par\u00eds y la funda para <a href=\"http:\/\/www.lapecera.ch\/lapecera.ch\/fotos\/peceradas\/25.jpg\" rel=\"example3\">mi peque\u00f1in<\/a> en color negro, muy sobria ella.<\/p>\n<p>Siguiendo con las compras, me estoy preparando para mi desembarco en Espa\u00f1a y ya he empezado a hacer las primeras compras ^___^ S\u00ed, ya estoy harta de ir a la FNAC a buscar tres libros y salir de all\u00ed con tres libros distintos a los que iba a buscar porque no los ten\u00edan&#8230; Este a\u00f1o hago el pedido con antelaci\u00f3n y listo&#8230; Mi madre ya ha recibido el primer pedido xDDD<\/p>\n<p>Y entre tanto, ando preparando cosas y trabajando. Hoy, sin ir m\u00e1s lejos, me he pasado la ma\u00f1ana haciendo tests en el sistema live y luego borrando los datos que hab\u00eda usado para ello v.v<\/p>\n<p>Este fin de semana estaba programada una visita de Maria y Mathias, pero como a Mathias no le apetece una mierda meterse en el coche pa venir hasta aqu\u00ed (con el mal tiempo que hace, yo le entiendo, la verdad), pues ahora vendr\u00e1n Sabine and co para ir al mercado navide\u00f1o <span style=\"font-size:85%;\">(otra vez, ser\u00e1 la cuarta vez que lo visite, seguro que acabo comprandome alguna otra cosa en el stand de las plumas xDDD)<\/span><\/p>\n<p>Y nada, que estar\u00e9 bastante liada hasta que me vaya a Oviedo, as\u00ed que si no me veis por aqu\u00ed, ya sab\u00e9is qu\u00e9 me retiene&#8230; Por lo tanto, os deseo a todos <a href=\"http:\/\/www.lapecera.ch\/stuff\/santayeric.jpg\" rel=\"example3\"><b><span style=\"font-size:130%;\">felices fiestas y una buena entrada en el nuevo a\u00f1o<\/span><\/b><\/a>.<\/p>\n<p>Os dejo ya, me voy a dibujar procesos \ud83d\ude09<\/p>\n<p>Con esto y un bizcocho&#8230; Besos<br \/>Cris<\/p>\n<p><img decoding=\"async\" src=\"http:\/\/www.lapecera.ch\/stuff\/bailando.gif\" align=\"absMiddle\" \/> <span style=\"font-family:Wingdings;\">\u00df<\/span> Me pareci\u00f3 mon\u00edsima ^__^<\/p>\n","protected":false},"excerpt":{"rendered":"<p>Ayer por la tarde sal\u00ed del trabajo en busca de un regalo de cumplea\u00f1os y volv\u00ed con una maleta para m\u00ed&#8230; Pa egoc\u00e9ntrica, yo&#8230; porque yo lo valgo. Pero todo tiene explicaci\u00f3n: Hace semanas que busco esa maleta y no la encontraba en ninguna parte, salvo en Internet. Ayer la encontr\u00e9, adem\u00e1s, 50 francos m\u00e1s [&hellip;]<\/p>\n","protected":false},"author":3,"featured_media":0,"comment_status":"open","ping_status":"closed","sticky":false,"template":"","format":"standard","meta":{"footnotes":""},"categories":[],"tags":[],"class_list":["post-122","post","type-post","status-publish","format-standard","hentry"],"_links":{"self":[{"href":"https:\/\/blog.lapecera.ch\/index.php?rest_route=\/wp\/v2\/posts\/122","targetHints":{"allow":["GET"]}}],"collection":[{"href":"https:\/\/blog.lapecera.ch\/index.php?rest_route=\/wp\/v2\/posts"}],"about":[{"href":"https:\/\/blog.lapecera.ch\/index.php?rest_route=\/wp\/v2\/types\/post"}],"author":[{"embeddable":true,"href":"https:\/\/blog.lapecera.ch\/index.php?rest_route=\/wp\/v2\/users\/3"}],"replies":[{"embeddable":true,"href":"https:\/\/blog.lapecera.ch\/index.php?rest_route=%2Fwp%2Fv2%2Fcomments&post=122"}],"version-history":[{"count":0,"href":"https:\/\/blog.lapecera.ch\/index.php?rest_route=\/wp\/v2\/posts\/122\/revisions"}],"wp:attachment":[{"href":"https:\/\/blog.lapecera.ch\/index.php?rest_route=%2Fwp%2Fv2%2Fmedia&parent=122"}],"wp:term":[{"taxonomy":"category","embeddable":true,"href":"https:\/\/blog.lapecera.ch\/index.php?rest_route=%2Fwp%2Fv2%2Fcategories&post=122"},{"taxonomy":"post_tag","embeddable":true,"href":"https:\/\/blog.lapecera.ch\/index.php?rest_route=%2Fwp%2Fv2%2Ftags&post=122"}],"curies":[{"name":"wp","href":"https:\/\/api.w.org\/{rel}","templated":true}]}}