{"id":121,"date":"2007-11-30T15:38:00","date_gmt":"2007-11-30T13:38:00","guid":{"rendered":"http:\/\/lapecera.ch\/?p=121"},"modified":"2007-11-30T15:38:00","modified_gmt":"2007-11-30T13:38:00","slug":"un-mes-para-el-ano-nuevo","status":"publish","type":"post","link":"https:\/\/blog.lapecera.ch\/?p=121","title":{"rendered":"Un mes para el a\u00f1o nuevo&#8230;"},"content":{"rendered":"<p>25 d\u00edas para Navidad, 28 d\u00edas para irme a Oviedo, 29 d\u00edas para la cena internacional&#8230;\u00a1Aaahhhh! Y todav\u00eda no he empezado a prepararla&#8230;<\/p>\n<p>Hola, ni\u00f1os y ni\u00f1as que os pasais por aqu\u00ed a leer <span style=\"font-size:85%;\">(pero no a comentar v.v)<\/span><\/p>\n<p>No tengo mucho que comentar, pero como hoy se acaba noviembre, se me apeteci\u00f3 hacer una entrada antes del alboroto de las navidades, los regalos, las cenas y blablablabla. <\/p>\n<p><a href=\"http:\/\/www.lapecera.ch\/uploaded_images\/DSC02652-711361.JPG\" rel=\"example3\" title=\"rhapsody in blue\"><img decoding=\"async\" style=\"float:right; margin:0 0 10px 10px;cursor:pointer; cursor:hand;\" src=\"http:\/\/www.lapecera.ch\/uploaded_images\/DSC02652-710998.JPG\" border=\"0\" alt=\"\" \/><\/a>Esta semana, el martes, en vez de ir a cantar con el coro la horrorosa canci\u00f3n &#8220;Jesus saves&#8221; (fiuuu), me fui con Christoph a una charla sobre Hugo Pratt y &#8220;Corto Malt\u00e9s&#8221; en el museo del C\u00f3mic. S\u00ed, parece que me ha dao fuerte con este c\u00f3mics. Bueno, en realidad no es para tanto y la charla fue muy interesante&#8230; Tan interesante que Christoph lleg\u00f3 a casa y empez\u00f3 a leerse &#8220;La balada del mar salado&#8221; (fallo de traducci\u00f3n, por cierto, en veris\u00f3n original es s\u00f3lo una balada y no &#8220;la balada&#8221;). En el museo ten\u00edan una exposici\u00f3n temporal sobre Corto Malt\u00e9s que contaba con cuatro originales de la balada, <a href=\"http:\/\/www.lapecera.ch\/lapecera.ch\/fotos\/peceradas\/26.jpg\" rel=\"example3\">el dibujo original de la portada de &#8220;F\u00e1bula en Venecia&#8221;<\/a>, tres originales m\u00e1s de &#8220;Bajo el signo de Capricornio&#8221; y otro tomo (no s\u00e9 cu\u00e1l) y unas cuantas acuarelas. El chico que dio la charla se le ve\u00eda un entendido y un gran fan del trabajo de Hugo Pratt y nos ense\u00f1\u00f3 una autobiograf\u00eda que me encantar\u00eda leerla, pero s\u00f3lo existe en franc\u00e9s T___T Me veo aprendiendo franc\u00e9s (de una buena vez).<\/p>\n<p>Y para acabar la semana os dejo otra de mis obras de arte (ver foto), que ya sab\u00e9is que soy toa una artista&#8230; Est\u00e1n terminadas y colgadas desde hace semanas, pero a\u00fan no le hab\u00eda hecho foto. Ahora me espera un canv\u00e1s alargado para otra de nuestras kilom\u00e9tricas paredes blancas y otra acuarela que &#8220;Sturm&#8221; se lo ha adjudicado mi madre como regalo de Navidad \u00ac\u00ac<\/p>\n<p>Buah, no tengo m\u00e1s que contar. Voy a seguir con mis tests que en hora y media tengo que salir pitando pa Berna que hoy es la cena de Navidad de los Swisscomianos ^___^ y como nos quedamos a dormir en Berna ma\u00f1ana toca shopping ^_________^<\/p>\n<p>Con esto y un bizcocho&#8230; Besos<br \/>Cris<\/p>\n<p>PS: He puesto una canci\u00f3n muy conocida tocada al ukelele por Jake Shimabukuro. Contadme qu\u00e9 os parece \ud83d\ude09<\/p>\n","protected":false},"excerpt":{"rendered":"<p>25 d\u00edas para Navidad, 28 d\u00edas para irme a Oviedo, 29 d\u00edas para la cena internacional&#8230;\u00a1Aaahhhh! Y todav\u00eda no he empezado a prepararla&#8230; Hola, ni\u00f1os y ni\u00f1as que os pasais por aqu\u00ed a leer (pero no a comentar v.v) No tengo mucho que comentar, pero como hoy se acaba noviembre, se me apeteci\u00f3 hacer una [&hellip;]<\/p>\n","protected":false},"author":3,"featured_media":0,"comment_status":"open","ping_status":"closed","sticky":false,"template":"","format":"standard","meta":{"footnotes":""},"categories":[],"tags":[],"class_list":["post-121","post","type-post","status-publish","format-standard","hentry"],"_links":{"self":[{"href":"https:\/\/blog.lapecera.ch\/index.php?rest_route=\/wp\/v2\/posts\/121","targetHints":{"allow":["GET"]}}],"collection":[{"href":"https:\/\/blog.lapecera.ch\/index.php?rest_route=\/wp\/v2\/posts"}],"about":[{"href":"https:\/\/blog.lapecera.ch\/index.php?rest_route=\/wp\/v2\/types\/post"}],"author":[{"embeddable":true,"href":"https:\/\/blog.lapecera.ch\/index.php?rest_route=\/wp\/v2\/users\/3"}],"replies":[{"embeddable":true,"href":"https:\/\/blog.lapecera.ch\/index.php?rest_route=%2Fwp%2Fv2%2Fcomments&post=121"}],"version-history":[{"count":0,"href":"https:\/\/blog.lapecera.ch\/index.php?rest_route=\/wp\/v2\/posts\/121\/revisions"}],"wp:attachment":[{"href":"https:\/\/blog.lapecera.ch\/index.php?rest_route=%2Fwp%2Fv2%2Fmedia&parent=121"}],"wp:term":[{"taxonomy":"category","embeddable":true,"href":"https:\/\/blog.lapecera.ch\/index.php?rest_route=%2Fwp%2Fv2%2Fcategories&post=121"},{"taxonomy":"post_tag","embeddable":true,"href":"https:\/\/blog.lapecera.ch\/index.php?rest_route=%2Fwp%2Fv2%2Ftags&post=121"}],"curies":[{"name":"wp","href":"https:\/\/api.w.org\/{rel}","templated":true}]}}