{"id":117,"date":"2007-10-30T14:48:00","date_gmt":"2007-10-30T12:48:00","guid":{"rendered":"http:\/\/lapecera.ch\/?p=117"},"modified":"2007-10-30T14:48:00","modified_gmt":"2007-10-30T12:48:00","slug":"in-the-boondocks","status":"publish","type":"post","link":"https:\/\/blog.lapecera.ch\/?p=117","title":{"rendered":"In the boondocks*"},"content":{"rendered":"<p>Hello my friends!!!<\/p>\n<p>Estamos acabando el mes y me toca bastante la moral que de tres entradas que he hecho este mes, s\u00f3lo una sea medianamente seria, as\u00ed que os har\u00e9 padecer y os contar\u00e9 lo \u00faltimo que he hecho estos ultimos d\u00edas ^___^<\/p>\n<p><u>Schaffen<\/u><br \/>Que viene a decir algo as\u00ed como trabajar pa los suizos. \u00daltimamente las cosas mejoran, las gu\u00edas de instalaci\u00f3n que ten\u00eda que escribir ya est\u00e1n hechas y medio corregidas. Lo \u00fanico que me saca de quicio es una presentaci\u00f3n que tengo que hacerles a mis compa\u00f1eros sobre Software Testing con los contenidos del curso que hice hace un mes (lo s\u00e9, voy algo retrasada, pero soy algo lenta para captar conceptos en alem\u00e1n T-T). Lo guay es que ahora me sacan a pasear y voy a instalar ProcessPoint (nuestro programa para dibujar procesos) a nuestros clientes&#8230; Y en el futuro igual hasta ser\u00e9 la encargada de dar los cursillos ^___^ Vamos que de momento las cosas se ponen interesantes&#8230; Mi mayor problema actualmente es ser capaz de levantarme temprano (-.-)zzZ<\/p>\n<p><u>Am Arsch der Welt*<\/u><br \/>Algunos ya lo sab\u00e9is, pero para aquellos con los que no he tenido contacto, os cuento: el fin de semana he estado en el culo del mundo&#8230; S\u00ed, s\u00ed, no exagero, en una casita perdida en los pantanos altos de Entlebuch (Reserva de la biosfera de la UNESCO) sin cobertura, electricidad, ba\u00f1o o agua corriente&#8230; A lo salvaje, vamos. Hacia un fr\u00edo de mil demonios y niebla, pero el s\u00e1bado nos fuimos a dar una vuelta por la zona y acabamos viendo las nubes que se cern\u00edan sobre el valle. Fue interesante la panor\u00e1mica, al igual que la noche en la caba\u00f1a con Migge, Martin, Christin y Christoph cenando fondue de queso, apostando qu\u00e9 record de temperatura conseguir\u00edamos tirando del horno de le\u00f1a, contando los pios del reloj de cuco o probando los schnaps\/licores que el t\u00edo de Christoph <span style=\"font-size:85%;\">(la caba\u00f1a es de su propiedad)<\/span> ten\u00eda.<\/p>\n<p>Dormir sobre los bancos (nuestros galanes acompa\u00f1antes durmieron en el suelo) casi me deja sin espalda y todav\u00eda hoy me duele el hombro derecho T-T Y al d\u00eda siguiente no me dejaron irme a casa hasta las 3 de la tarde T-T Pero bueno, repetir algo as\u00ed en verano no me importar\u00eda&#8230; En oto\u00f1o no vuelvo ni muerta U.U<\/p>\n<p>Las fotos las pod\u00e9is encontrar en <a href=\"http:\/\/http:\/\/picasaweb.google.com\/papalbina\/Entlebuch2728Okt2007\" target=\"_blank\">Picasa<\/a>. No pid\u00e1is peras al olmo, que est\u00e1n hechas con el m\u00f3vil. Mi c\u00e1mara la mand\u00e9 a arreglar y en vez de devolvermela arreglada, me devolvieron el dinero fO.o Ahora tengo que decidir si me compro de nuevo una compacta o directamente una reflex digital V.V<\/p>\n<p>Y os voy dejando que se me est\u00e1 haciendo tarde y a\u00fan tengo cosas que hacer u.u Volver\u00e9 para contaros mi fiesta de cumplea\u00f1os a m\u00e1s tardar \ud83d\ude09 Para despedirme una chorrada:<\/p>\n<p><object width=\"213\" height=\"178\"><param name=\"movie\" value=\"http:\/\/www.youtube.com\/v\/03M6TVVmEos\"><\/param><param name=\"wmode\" value=\"transparent\"><\/param><embed src=\"http:\/\/www.youtube.com\/v\/03M6TVVmEos\" type=\"application\/x-shockwave-flash\" wmode=\"transparent\" width=\"213\" height=\"178\"><\/embed><\/object><\/p>\n<p>Con esto y un bizcocho&#8230; Besos<br \/>Cris<\/p>\n<p><span style=\"font-size:85%;\">* In <a href=\"http:\/\/www.fotolog.com\/papalbina\" target=\"_blank\">the boondocks<\/a> = Am Arsch der Welt = En el culo del mundo<\/span><\/p>\n","protected":false},"excerpt":{"rendered":"<p>Hello my friends!!! Estamos acabando el mes y me toca bastante la moral que de tres entradas que he hecho este mes, s\u00f3lo una sea medianamente seria, as\u00ed que os har\u00e9 padecer y os contar\u00e9 lo \u00faltimo que he hecho estos ultimos d\u00edas ^___^ SchaffenQue viene a decir algo as\u00ed como trabajar pa los suizos. [&hellip;]<\/p>\n","protected":false},"author":3,"featured_media":0,"comment_status":"open","ping_status":"closed","sticky":false,"template":"","format":"standard","meta":{"footnotes":""},"categories":[],"tags":[],"class_list":["post-117","post","type-post","status-publish","format-standard","hentry"],"_links":{"self":[{"href":"https:\/\/blog.lapecera.ch\/index.php?rest_route=\/wp\/v2\/posts\/117","targetHints":{"allow":["GET"]}}],"collection":[{"href":"https:\/\/blog.lapecera.ch\/index.php?rest_route=\/wp\/v2\/posts"}],"about":[{"href":"https:\/\/blog.lapecera.ch\/index.php?rest_route=\/wp\/v2\/types\/post"}],"author":[{"embeddable":true,"href":"https:\/\/blog.lapecera.ch\/index.php?rest_route=\/wp\/v2\/users\/3"}],"replies":[{"embeddable":true,"href":"https:\/\/blog.lapecera.ch\/index.php?rest_route=%2Fwp%2Fv2%2Fcomments&post=117"}],"version-history":[{"count":0,"href":"https:\/\/blog.lapecera.ch\/index.php?rest_route=\/wp\/v2\/posts\/117\/revisions"}],"wp:attachment":[{"href":"https:\/\/blog.lapecera.ch\/index.php?rest_route=%2Fwp%2Fv2%2Fmedia&parent=117"}],"wp:term":[{"taxonomy":"category","embeddable":true,"href":"https:\/\/blog.lapecera.ch\/index.php?rest_route=%2Fwp%2Fv2%2Fcategories&post=117"},{"taxonomy":"post_tag","embeddable":true,"href":"https:\/\/blog.lapecera.ch\/index.php?rest_route=%2Fwp%2Fv2%2Ftags&post=117"}],"curies":[{"name":"wp","href":"https:\/\/api.w.org\/{rel}","templated":true}]}}