{"id":115,"date":"2007-10-15T12:35:00","date_gmt":"2007-10-15T10:35:00","guid":{"rendered":"http:\/\/lapecera.ch\/?p=115"},"modified":"2007-10-15T12:35:00","modified_gmt":"2007-10-15T10:35:00","slug":"corto","status":"publish","type":"post","link":"https:\/\/blog.lapecera.ch\/?p=115","title":{"rendered":"Corto"},"content":{"rendered":"<p>Muy buenas, ni\u00f1as y ni\u00f1os<\/p>\n<p>Es lunes y el tiempo pasa despacito, sobre todo, parecer\u00e1 haberse detenido despu\u00e9s de comer, pero de momento simplemente lleva la velocidad de un caracol-col-col.<\/p>\n<p>No tengo mucho que contar&#8230; Este fin de semana Janis vino a visitarnos con papis y hermano y nos fuimos todos juntos a la Alsacia a ver monos y \u00e1guilas. Y es que cerca de Colmar hay un sitio \u2013un monte, pa m\u00e1s se\u00f1as\u2013 donde tienen un mont\u00f3n de macacos de Gibraltar sueltos en una especie de reserva y puedes verlos y darles de comer palomitas (y s\u00f3lo palomitas, que te dan a la entrada). Lo de las \u00e1guilas est\u00e1 en el mismo monte, instalado en un peque\u00f1o castillo medieval, y hay un esp\u00e9ctaculo donde las aguilas, milanes, buitres y halcones te pasan volando por encima de la cabeza y, si te descuidas, te quedas sin pelos \u00ac\u00ac <span style=\"font-size:78%;\">(A la vuelta en la autopista nos encontramos con una caravana que nos tuvo tres cuartos de hora semiparados a 15 kil\u00f3metros de Basilea&#8230; Es, en estos momentos, cuando odio con toda mi alma ser una mujer, sobre todo, cuando necesitas ir al ba\u00f1o T___T En 45 minutos al menos una docena de t\u00edos se bajaron de sus coches a regar los arcenes salvajes de <em>la France<\/em>. Yo fui la \u00fanica mujer que contribuy\u00f3 en la tarea del reciclaje de aguas xDDDD)<\/span><\/p>\n<p><a href=\"http:\/\/www.lapecera.ch\/uploaded_images\/corto-734702.jpg\" target=\"_blank\"><img decoding=\"async\" style=\"float:left; margin:0 10px 10px 0;cursor:pointer; cursor:hand;\" src=\"http:\/\/www.lapecera.ch\/uploaded_images\/corto-734699.jpg\" border=\"0\" alt=\"\" \/><\/a>Y mirad esto: <a href=\"http:\/\/www.swatch.com\/cortomaltese\/\" target=\"_blank\">http:\/\/www.swatch.com\/cortomaltese\/<\/a>. \u00c9ste es mi nuevo reloj, una edici\u00f3n especial de Swatch para conmemorar los 40 a\u00f1os de <em>Corto Malt\u00e9s<\/em>. Para aquellos que no lo sepan o no tengan ganas de ir a buscar sobre ello en la (oh, grandisima) wikipedia, &#8220;Corto Malt\u00e9s&#8221; es un c\u00f3mic creado por el italiano <a href=\"http:\/\/en.wikipedia.org\/wiki\/Hugo_Pratt\" target=\"_blank\">Hugo Pratt<\/a>, sobre las aventuras de un capit\u00e1n intr\u00e9pido y seductor de principios del siglo XX. A lo largo de sus peripecias, que le llevan por los mares del Sur, \u00c1frica o Siberia, Corto conoce a diferentes personajes hist\u00f3ricos y es testigo de acontecimientos que marcar\u00edan a la humanidad. A destacar de este c\u00f3mic, el peculiar dibujo y la t\u00e9cnica que usa Pratt, as\u00ed como las exhaustivas investigaciones que llevaba a cabo para dotar de credibilidad a su personaje. Corto Maltese es uno de los h\u00e9roes de c\u00f3mics que m\u00e1s me ha gustado <span style=\"font-size:85%;\">(e impresionado, se\u00f1ores, que Corto tiene una personalidad muy interesante y atrayente *-*)<\/span> de todos los que he le\u00eddo hasta ahora. Lamentablemente s\u00f3lo he podido leer el primero de los tomos (por orden de publicaci\u00f3n, no cronol\u00f3gicamente hablando), &#8220;La balada del mar salado&#8221;, y actualmente tengo el resto de tomos en busca y captura. Pero a la vista de que es bastante complicado encontrarlos, al menos por estos lares, tendr\u00e9 que conformarme con que Corto Malt\u00e9s me mire desde la esfera de <a href=\"http:\/\/www.squiggly.com\/forum\/viewtopic.php?p=4718&#038;sid=50801dcbf01eb9a502529e77b3035b82#4718\" Target=\"_blank\">mi reloj<\/a> cada vez que quiera saber la hora \u2013otra cosa ser\u00e1 que sepa qu\u00e9 hora es u.u\u2013, y con la lectura de otros c\u00f3mics (The Boondocks o Pers\u00e9polis, por ejemplo) y mangas (Nana o Skip Beat, e.g.). Lilith, muchas gracias por hablarme del c\u00f3mic y despertar mi inter\u00e9s \ud83d\ude09<\/p>\n<p>Y no tengo mucho m\u00e1s que contar. \u00a1Ah, s\u00ed! En el curso de Software Testing que hice a finales de septiembre hice un examen para ser <a href=\"http:\/\/www.istqb.org\/\" target=\"_blank\">ISTQB\u00a9 Certified Tester<\/a> y&#8230; aprob\u00e9&#8230; por los pelos, pero aprob\u00e9 xDDDD<\/p>\n<p>Ya est\u00e1, ahora s\u00ed que he acabao ~(O_o)~<\/p>\n<p>Con esto y un bizcocho&#8230; Besos<br \/>Cris<\/p>\n<p>PS: He cambiado la canci\u00f3n del blog por &#8220;The wind that shakes the barley&#8221; del d\u00fao <a href=\"http:\/\/es.wikipedia.org\/wiki\/Dead_Can_Dance\" target=\"_blank\">Dead can dance<\/a>, que estoy segur\u00edsima que, si Nuska a\u00fan no lo conoce, le encantar\u00e1 ^__^<\/p>\n","protected":false},"excerpt":{"rendered":"<p>Muy buenas, ni\u00f1as y ni\u00f1os Es lunes y el tiempo pasa despacito, sobre todo, parecer\u00e1 haberse detenido despu\u00e9s de comer, pero de momento simplemente lleva la velocidad de un caracol-col-col. No tengo mucho que contar&#8230; Este fin de semana Janis vino a visitarnos con papis y hermano y nos fuimos todos juntos a la Alsacia [&hellip;]<\/p>\n","protected":false},"author":3,"featured_media":0,"comment_status":"open","ping_status":"closed","sticky":false,"template":"","format":"standard","meta":{"footnotes":""},"categories":[],"tags":[],"class_list":["post-115","post","type-post","status-publish","format-standard","hentry"],"_links":{"self":[{"href":"https:\/\/blog.lapecera.ch\/index.php?rest_route=\/wp\/v2\/posts\/115","targetHints":{"allow":["GET"]}}],"collection":[{"href":"https:\/\/blog.lapecera.ch\/index.php?rest_route=\/wp\/v2\/posts"}],"about":[{"href":"https:\/\/blog.lapecera.ch\/index.php?rest_route=\/wp\/v2\/types\/post"}],"author":[{"embeddable":true,"href":"https:\/\/blog.lapecera.ch\/index.php?rest_route=\/wp\/v2\/users\/3"}],"replies":[{"embeddable":true,"href":"https:\/\/blog.lapecera.ch\/index.php?rest_route=%2Fwp%2Fv2%2Fcomments&post=115"}],"version-history":[{"count":0,"href":"https:\/\/blog.lapecera.ch\/index.php?rest_route=\/wp\/v2\/posts\/115\/revisions"}],"wp:attachment":[{"href":"https:\/\/blog.lapecera.ch\/index.php?rest_route=%2Fwp%2Fv2%2Fmedia&parent=115"}],"wp:term":[{"taxonomy":"category","embeddable":true,"href":"https:\/\/blog.lapecera.ch\/index.php?rest_route=%2Fwp%2Fv2%2Fcategories&post=115"},{"taxonomy":"post_tag","embeddable":true,"href":"https:\/\/blog.lapecera.ch\/index.php?rest_route=%2Fwp%2Fv2%2Ftags&post=115"}],"curies":[{"name":"wp","href":"https:\/\/api.w.org\/{rel}","templated":true}]}}