{"id":113,"date":"2007-09-20T13:44:00","date_gmt":"2007-09-20T11:44:00","guid":{"rendered":"http:\/\/lapecera.ch\/?p=113"},"modified":"2007-09-20T13:44:00","modified_gmt":"2007-09-20T11:44:00","slug":"fotonatura-u-a","status":"publish","type":"post","link":"https:\/\/blog.lapecera.ch\/?p=113","title":{"rendered":"Fotonatura, u.a."},"content":{"rendered":"<p>\u00a1Hola gente!<\/p>\n<p><a href=\"http:\/\/www.lapecera.ch\/uploaded_images\/DSC00086-732350.jpg\" rel=\"example3\"><img decoding=\"async\" style=\"float:right; margin:0 0 10px 10px;cursor:pointer; cursor:hand;\" src=\"http:\/\/www.lapecera.ch\/uploaded_images\/DSC00086-732345.jpg\" border=\"0\" alt=\"Las tiendas de campa\u00f1a de los Swisscom Games\" \/><\/a>Est\u00e1 visto que la vuelta al cole os ha dejao muertos de cansancio porque ya nadie se pasa por aqu\u00ed&#8230; Eso, o es que me he vuelto aburrida y mon\u00f3tona T_____T<\/p>\n<p>Hoy no vengo a contaros nada especial. Christoph se ha ido hoy a Magglingen, cerca de <a href=\"http:\/\/es.wikipedia.org\/wiki\/Biel-Bienne\" target=\"_blank\">Biel<\/a>, a los Swisscom Games, aunque \u00e9l no empieza hasta ma\u00f1ana, y estar\u00e1 dos noches fuera durmiendo en una tienda de campa\u00f1a chachi guay (con el fr\u00edo que hace). El s\u00e1bado nos vamos Taty, Christian y yo a encontrarnos con \u00e9l all\u00e1 alante pa disfrutar un poco de la fiesta del final de los Games.<\/p>\n<p>Aparte de esto, entre otras cosas, fui una de las 40.000 personas que participaron el domingo pasado en el <a href=\"http:\/\/www.slowup.ch\/\" target=\"_blank\">Slow Up<\/a> en Basel; tengo una subluxaci\u00f3n en el hombro provocada por un defecto de fabricaci\u00f3n llamado laxitud de ligamentos (por lo visto estoy mal hecha \u00ac\u00ac) y la pastilla que me recet\u00f3 el m\u00e9dico (un opi\u00e1ceo sint\u00e9tico) me dej\u00f3 ayer K.O. y tuve que irme a casa despu\u00e9s de dos horas en el trabajo&#8230; Sin embargo, hoy estoy mucho mejor, pude dormir porque el hombro ya no me duele tanto y hasta lo puedo mover con cierta soltura y cuidado. Y hasta ah\u00ed mis novedades xDDD<\/p>\n<p><a href=\"http:\/\/www.fotonatura.org\" target=\"_blank\"><img decoding=\"async\" style=\"float:left; margin:0 10px 10px 0;cursor:pointer; cursor:hand;\" src=\"http:\/\/www.lapecera.ch\/uploaded_images\/gastrocybe-lateritia-754601.jpg\" border=\"0\" alt=\"\" \/><\/a>Pa lo que quer\u00eda yo hoy la entrada era para mostraros dos cosillas:<\/p>\n<p>\u2013 <del datetime=\"2010-11-11T09:46:04+00:00\">una, la nueva secci\u00f3n <a href=\"http:\/\/www.lapecera.ch\/lapecera.ch\/general.htm\">General<\/a>, contadme qu\u00e9 os parece, plis;<\/del><\/p>\n<p>\u2013 y otra, quer\u00eda invitaros a visitar <a href=\"http:\/\/www.fotonatura.org\/\" target=\"_blank\">http:\/\/www.fotonatura.org\/<\/a>. Fotonatura es una comunidad virtual de aficionados y notanaficionados a la fotograf\u00eda de la naturaleza y hay cosas preciosas *-* <span style=\"font-size:85%;\">(como mi famoso pajarito del messenger, foto tomada por el padre de saracuario del foro de LGG xDDD)<\/span>. <\/p>\n<p>Y por \u00faltimo, <span style=\"FONT-WEIGHT: bold;font-size:130%;color:#c83e22;\"  >\u00a1Feliz Cumplea\u00f1os, ni\u00f1o!<\/span> Aunque leer\u00e1s esto cuando vuelvas, da igual&#8230; as\u00ed queda constancia xDD Tu regalo est\u00e1 de camino y estoy segura de que te va a gustar ^___^<\/p>\n<p>Con esto y un bizcocho&#8230; Besos<br \/>Cris<\/p>\n","protected":false},"excerpt":{"rendered":"<p>\u00a1Hola gente! Est\u00e1 visto que la vuelta al cole os ha dejao muertos de cansancio porque ya nadie se pasa por aqu\u00ed&#8230; Eso, o es que me he vuelto aburrida y mon\u00f3tona T_____T Hoy no vengo a contaros nada especial. Christoph se ha ido hoy a Magglingen, cerca de Biel, a los Swisscom Games, aunque [&hellip;]<\/p>\n","protected":false},"author":3,"featured_media":0,"comment_status":"open","ping_status":"closed","sticky":false,"template":"","format":"standard","meta":{"footnotes":""},"categories":[],"tags":[],"class_list":["post-113","post","type-post","status-publish","format-standard","hentry"],"_links":{"self":[{"href":"https:\/\/blog.lapecera.ch\/index.php?rest_route=\/wp\/v2\/posts\/113","targetHints":{"allow":["GET"]}}],"collection":[{"href":"https:\/\/blog.lapecera.ch\/index.php?rest_route=\/wp\/v2\/posts"}],"about":[{"href":"https:\/\/blog.lapecera.ch\/index.php?rest_route=\/wp\/v2\/types\/post"}],"author":[{"embeddable":true,"href":"https:\/\/blog.lapecera.ch\/index.php?rest_route=\/wp\/v2\/users\/3"}],"replies":[{"embeddable":true,"href":"https:\/\/blog.lapecera.ch\/index.php?rest_route=%2Fwp%2Fv2%2Fcomments&post=113"}],"version-history":[{"count":0,"href":"https:\/\/blog.lapecera.ch\/index.php?rest_route=\/wp\/v2\/posts\/113\/revisions"}],"wp:attachment":[{"href":"https:\/\/blog.lapecera.ch\/index.php?rest_route=%2Fwp%2Fv2%2Fmedia&parent=113"}],"wp:term":[{"taxonomy":"category","embeddable":true,"href":"https:\/\/blog.lapecera.ch\/index.php?rest_route=%2Fwp%2Fv2%2Fcategories&post=113"},{"taxonomy":"post_tag","embeddable":true,"href":"https:\/\/blog.lapecera.ch\/index.php?rest_route=%2Fwp%2Fv2%2Ftags&post=113"}],"curies":[{"name":"wp","href":"https:\/\/api.w.org\/{rel}","templated":true}]}}