{"id":110,"date":"2007-09-10T12:46:00","date_gmt":"2007-09-10T10:46:00","guid":{"rendered":"http:\/\/lapecera.ch\/?p=110"},"modified":"2007-09-10T12:46:00","modified_gmt":"2007-09-10T10:46:00","slug":"matar-a-harold-crick","status":"publish","type":"post","link":"https:\/\/blog.lapecera.ch\/?p=110","title":{"rendered":"Matar a Harold Crick"},"content":{"rendered":"<p>No tengo mucho que contar, pero se me apetec\u00eda actualizar&#8230; xDD<\/p>\n<p>El s\u00e1bado fue la fiesta de cumplea\u00f1os de Theo, que celebraba los 40. Fuimos con Isabelle que no conoc\u00eda a Theo, pero s\u00ed a su mejor amigo, Patrick xDDD Y es que Suiza no es un pa\u00f1uelo, no, no, es un trocito de pa\u00f1uelo, es un pueblo un poco grande xDDDD Lo pasamos bien, hasta cantamos con Sylvia&#8230; Todo empez\u00f3 con <em>Cumplea\u00f1os feliz<\/em>, seguimos con <em>The lion sleeps tonight<\/em> y continuamos con canones, <em>I will follow you<\/em> y canciones de Mani Matter. Se supone que no estaba permitido llevar regalo xDD pero yo como otros tantos, no me enter\u00e9 y le regal\u00e9 el primer libro de <em>Temerario<\/em> en alem\u00e1n y una caja de especialidades de chocolate que se llamaba &#8220;La vuelta al mundo en chocolate&#8221; <span style=\"font-size:85%;\">(llevaba tiempo queriendo regalarsela a alguien desde que la vi en la degustaci\u00f3n que tuvimos en el Choco-Loco hace un a\u00f1o y pico)<\/span>. Le he pedido feedback tanto del libro como del chocolate&#8230;<\/p>\n<p>El domingo estuve recogiendo y tirando cosas y a\u00fan me queda mucho por colocar y ordenar y tirar T________T Dios, \u00bfpor qu\u00e9 ostias tendr\u00e9 tantos trastos? No pude pintar ni una l\u00ednea, pero al menos fui a correr media hora e hice estiramientos y jugu\u00e9 un poquit\u00edn con mi THERA-BAND xDDD<\/p>\n<p><a href=\"http:\/\/www.lapecera.ch\/uploaded_images\/stranger_than_fiction_ver2-720639.jpg\" rel=\"example3\"><img decoding=\"async\" style=\"float:right; margin:0 0 10px 10px;cursor:pointer; cursor:hand;\" src=\"http:\/\/www.lapecera.ch\/uploaded_images\/stranger_than_fiction_ver2-720636.jpg\" border=\"0\" alt=\"\" \/><\/a>Hablando de Naomi Novik y su <em>Temeraire<\/em>, no s\u00e9 si lo sab\u00e9is pero el 1 de septiembre se otorgaron los <a href=\"http:\/\/www.dpsinfo.com\/awardweb\/hugos\/2007.html\" target=\"_blank\">premios Hugo <\/a>de ciencia-ficci\u00f3n y fantas\u00eda. Naomi Novik estaba nominada a la mejor novela con <em>Temeraire<\/em> y al mejor autor novel. El primero no se lo llev\u00f3 (gan\u00f3 <em>El fin de los arco iris <\/em>de Vernor Vinge), pero fue galardonada con el John W. Campbell al mejor escritor novel del a\u00f1o, honor que comparte con autores como por ejemplo Orson Scott Card, que lo recibi\u00f3 en el 78 (a\u00f1os m\u00e1s tarde ganar\u00eda el de mejor novela por <em>El juego de Ender<\/em> y por <em>La voz de los muertos<\/em>). Adem\u00e1s, tengo el honor de trabajar cada d\u00eda con uno de los nominados de este a\u00f1o al premio Hugo. &#8220;\u00bfQui\u00e9n?&#8221;, os preguntar\u00e9is. Pues, se trata de Ben, que estaba nominado por su historia corta <em>The House Beyond Your Sky<\/em>. No gan\u00f3, pero estar nominado es tan &#8220;wow&#8221;, que estoy por hacerle un monumento xDDD A\u00fan no he tenido tiempo de leerla, pero lo har\u00e9 en breve ^____^<\/p>\n<p>Ayer por la noche, Chris y yo vimos <a href=\"http:\/\/www.imdb.com\/title\/tt0420223\/\" target=\"_blank\"><em>Stranger than fiction<\/em><\/a> de Marc Foster. La historia es absurda y al mismo tiempo, interesante y divertida. Will Ferrell no es mi actor favorito, siempre que le veo en la pantalla, no puedo evitar recordarle con calzas y vestido de elfo en <em>Elf<\/em> \u00ac\u00ac Sin embargo, adoro a Emma Thompson y la echaba de menos, y he descubierto a Maggie Gyllenhall, que no es una gran actriz, pero tiene suficiente talento y una carita adorable (adem\u00e1s de que es de la generaci\u00f3n del 77, \u00a1viva el 77!) ^___^ La pel\u00edcula es muy recomendable \ud83d\ude09<\/p>\n<p>\u00a1Ah! Y mis cuadros ya est\u00e1n colgados en el pasillo, ya pondr\u00e9 una foto xDDD<\/p>\n<p>Y eso es todo, amiguit@s&#8230; por el momento&#8230;<\/p>\n<p>Con esto y un bizcocho&#8230; Besos<br \/>\nCris<\/p>\n","protected":false},"excerpt":{"rendered":"<p>No tengo mucho que contar, pero se me apetec\u00eda actualizar&#8230; xDD El s\u00e1bado fue la fiesta de cumplea\u00f1os de Theo, que celebraba los 40. Fuimos con Isabelle que no conoc\u00eda a Theo, pero s\u00ed a su mejor amigo, Patrick xDDD Y es que Suiza no es un pa\u00f1uelo, no, no, es un trocito de pa\u00f1uelo, [&hellip;]<\/p>\n","protected":false},"author":3,"featured_media":0,"comment_status":"open","ping_status":"closed","sticky":false,"template":"","format":"standard","meta":{"footnotes":""},"categories":[],"tags":[],"class_list":["post-110","post","type-post","status-publish","format-standard","hentry"],"_links":{"self":[{"href":"https:\/\/blog.lapecera.ch\/index.php?rest_route=\/wp\/v2\/posts\/110","targetHints":{"allow":["GET"]}}],"collection":[{"href":"https:\/\/blog.lapecera.ch\/index.php?rest_route=\/wp\/v2\/posts"}],"about":[{"href":"https:\/\/blog.lapecera.ch\/index.php?rest_route=\/wp\/v2\/types\/post"}],"author":[{"embeddable":true,"href":"https:\/\/blog.lapecera.ch\/index.php?rest_route=\/wp\/v2\/users\/3"}],"replies":[{"embeddable":true,"href":"https:\/\/blog.lapecera.ch\/index.php?rest_route=%2Fwp%2Fv2%2Fcomments&post=110"}],"version-history":[{"count":0,"href":"https:\/\/blog.lapecera.ch\/index.php?rest_route=\/wp\/v2\/posts\/110\/revisions"}],"wp:attachment":[{"href":"https:\/\/blog.lapecera.ch\/index.php?rest_route=%2Fwp%2Fv2%2Fmedia&parent=110"}],"wp:term":[{"taxonomy":"category","embeddable":true,"href":"https:\/\/blog.lapecera.ch\/index.php?rest_route=%2Fwp%2Fv2%2Fcategories&post=110"},{"taxonomy":"post_tag","embeddable":true,"href":"https:\/\/blog.lapecera.ch\/index.php?rest_route=%2Fwp%2Fv2%2Ftags&post=110"}],"curies":[{"name":"wp","href":"https:\/\/api.w.org\/{rel}","templated":true}]}}