{"id":109,"date":"2007-09-07T09:48:00","date_gmt":"2007-09-07T07:48:00","guid":{"rendered":"http:\/\/lapecera.ch\/?p=109"},"modified":"2007-09-07T09:48:00","modified_gmt":"2007-09-07T07:48:00","slug":"la-loca-de-la-pradera","status":"publish","type":"post","link":"https:\/\/blog.lapecera.ch\/?p=109","title":{"rendered":"La Loca de la Pradera"},"content":{"rendered":"<p><a href=\"http:\/\/www.lapecera.ch\/uploaded_images\/gray-755121.jpg\" target=\"_blank\"><img decoding=\"async\" style=\"cursor:pointer; cursor:hand;\" src=\"http:\/\/www.lapecera.ch\/uploaded_images\/gray-754716.jpg\" border=\"0\" alt=\"\" \/><\/a><\/p>\n<p>Cantemos todos juntos a la de tres&#8230; 1&#8230; 2&#8230; 3&#8230;<\/p>\n<blockquote><p>Cumplea\u00f1os Feliz <br \/>Zum Geburtstag viel Gl\u00fcck <br \/>Happy Birthday dear tocaya<br \/>Cumplea\u00f1os Feliiiiiiiiiiiiiiz<\/p><\/blockquote>\n<p>\u00a1Que lo pases muy bien y disfrutes del d\u00eda, que es tuyo y solamente tuyo! \ud83d\ude09<\/p>\n<p>Con esto y un bizcocho&#8230; Besos<br \/>Cris<\/p>\n","protected":false},"excerpt":{"rendered":"<p>Cantemos todos juntos a la de tres&#8230; 1&#8230; 2&#8230; 3&#8230; Cumplea\u00f1os Feliz Zum Geburtstag viel Gl\u00fcck Happy Birthday dear tocayaCumplea\u00f1os Feliiiiiiiiiiiiiiz \u00a1Que lo pases muy bien y disfrutes del d\u00eda, que es tuyo y solamente tuyo! \ud83d\ude09 Con esto y un bizcocho&#8230; BesosCris<\/p>\n","protected":false},"author":3,"featured_media":0,"comment_status":"open","ping_status":"closed","sticky":false,"template":"","format":"standard","meta":{"footnotes":""},"categories":[],"tags":[],"class_list":["post-109","post","type-post","status-publish","format-standard","hentry"],"_links":{"self":[{"href":"https:\/\/blog.lapecera.ch\/index.php?rest_route=\/wp\/v2\/posts\/109","targetHints":{"allow":["GET"]}}],"collection":[{"href":"https:\/\/blog.lapecera.ch\/index.php?rest_route=\/wp\/v2\/posts"}],"about":[{"href":"https:\/\/blog.lapecera.ch\/index.php?rest_route=\/wp\/v2\/types\/post"}],"author":[{"embeddable":true,"href":"https:\/\/blog.lapecera.ch\/index.php?rest_route=\/wp\/v2\/users\/3"}],"replies":[{"embeddable":true,"href":"https:\/\/blog.lapecera.ch\/index.php?rest_route=%2Fwp%2Fv2%2Fcomments&post=109"}],"version-history":[{"count":0,"href":"https:\/\/blog.lapecera.ch\/index.php?rest_route=\/wp\/v2\/posts\/109\/revisions"}],"wp:attachment":[{"href":"https:\/\/blog.lapecera.ch\/index.php?rest_route=%2Fwp%2Fv2%2Fmedia&parent=109"}],"wp:term":[{"taxonomy":"category","embeddable":true,"href":"https:\/\/blog.lapecera.ch\/index.php?rest_route=%2Fwp%2Fv2%2Fcategories&post=109"},{"taxonomy":"post_tag","embeddable":true,"href":"https:\/\/blog.lapecera.ch\/index.php?rest_route=%2Fwp%2Fv2%2Ftags&post=109"}],"curies":[{"name":"wp","href":"https:\/\/api.w.org\/{rel}","templated":true}]}}