{"id":1082,"date":"2010-07-05T17:38:30","date_gmt":"2010-07-05T15:38:30","guid":{"rendered":"http:\/\/lapecera.ch\/?p=1082"},"modified":"2010-07-05T17:38:30","modified_gmt":"2010-07-05T15:38:30","slug":"los-peligros-de-la-montana","status":"publish","type":"post","link":"https:\/\/blog.lapecera.ch\/?p=1082","title":{"rendered":"Los peligros de la monta\u00f1a"},"content":{"rendered":"<p>El caso es que para M\u00e1ria y para m\u00ed este fin de semana ha sido de lo m\u00e1s calmado. Nos levantamos tarde, desayunamos tranquilamente en pijama, fuimos a la piscina, vimos pel\u00edculas y charlamos largo y tendido. Para los chicos el fin de semana no fue tal y como lo hab\u00edan planeado&#8230; Principalmente porque Christoph en un momento tonto en una parte supuestamente sencilla del camino se hizo un esguince y ahora nuestras vacaciones en Scuol de camping peligran \ud83d\ude1b Por suerte Christoph llevaba sus botas de monta\u00f1a tochos total y le sujetaron bien el pie al caer, as\u00ed que pudo volver al coche por su propio pie. Con otro tipo de calzado tendr\u00eda que haber ido el REGA a buscarlo v.v<\/p>\n<p>Dentro de lo malo del fin de semana, oye, Espa\u00f1a ha pasado a semifinales por primera vez en 60 a\u00f1os y, aunque lo veo chungo contra los alemanes, m\u00e1s por la eficiencia de estos en meter goles que por la calidad de su juego, el momento ya es suficientemente hist\u00f3rico :))<\/p>\n<p><a href=\"http:\/\/lapecera.ch\/wp-content\/uploads\/2010\/07\/Prom_by_audrakitkat1232.jpg\" rel=\"example3\" title=\"Encontrado en deviantart.com \u00a9 audrakitkat1232\"><img loading=\"lazy\" decoding=\"async\" src=\"http:\/\/lapecera.ch\/wp-content\/uploads\/2010\/07\/Prom_by_audrakitkat1232-210x300.jpg\" alt=\"\" title=\"Prom_by_audrakitkat1232\" width=\"210\" height=\"300\" class=\"alignleft size-medium wp-image-1083\" \/><\/a>Y en general no tengo mucho que contaros. Mi carrera como lectora voraz se ha parado en seco con &#8220;The Keeper&#8217;s daughter&#8221; de Gill Arbuthnott y &#8220;One day&#8221; de David Nicholls. \u00c9ste \u00faltimo lleva en las listas de m\u00e1s vendidos en Suiza y Alemania desde hace semanas y por eso me lo compr\u00e9. Por eso, y porque la historia promete y de momento, promete, pero tengo la impresi\u00f3n de que no me va a gustar el final. Esto es una novela para adultos, donde las cosas son agridulces (la primera te la cascan en el cap\u00edtulo 3), no hay <em>happy endings<\/em> como los que se leen en los libros para adolescentes&#8230; \u00bfPor qu\u00e9 ser\u00e1 esto? \u00bfEs que cuando nos hacemos mayores perdemos la capacidad para ilusionarnos? \u00bfO es que prefieren tenernos enga\u00f1ados mientras crecemos para que cuando lleguemos a determinada edad posemos los pies sobre la tierra y nos asquee todo lo que no sea agridulce o dram\u00e1tico? Pues me importa un bledo&#8230; A m\u00ed me gustan los happy endings y me seguir\u00e1n gustando con 74 a\u00f1os, no te fastidia \ud83d\ude1b<\/p>\n<p>Cambiando de tema, desde hace un par de d\u00edas tengo un &#8220;sue\u00f1o&#8221; recurrente. En realidad no es un sue\u00f1o propiamente dicho, porque yo esos no los recuerdo casi nunca, es m\u00e1s una idea que se me viene a la cabeza en los minutos previos a quedarme dormida (seguro que esa fase del sue\u00f1o tiene un nombre, pero yo no tengo el gusto). Dir\u00eda que, si llevase semanas escribiendo, ser\u00eda una buena idea para una nueva historia&#8230; Lo m\u00e1s recurrente es un chico en un instituto, popular, pero sin vanidad ni pretensiones, pegado a una c\u00e1mara de fotos desde siempre, creativo, original, divertido, no especialmente guapo, pero con ojos bonitos, y una chica (wow, \u00bfno me digas? xD), geeky, pero bonita, vamos que una cosa no tiene porqu\u00e9 quitar la otra, pel\u00edn friki (l\u00f3gico es una geek v.v), sarc\u00e1stica, segura de s\u00ed misma&#8230; Ella es la musa de \u00e9l y la protagonista de una de sus fotograf\u00edas m\u00e1s conocidas y en general, la protagonista de toda una monograf\u00eda que le reporta un premio y una beca. Ahora me dir\u00e9is: \u00bfY? Y yo contestar\u00e9 encogi\u00e9ndome de hombros porque evidentemente no tengo ni la m\u00e1s remota idea a d\u00f3nde puede llevar esto <span style=\"font-size:75%\">(aparte de a un t\u00edpica historia de adolescentes, de esas que tanto me gusta leer)<\/span> fO.o<\/p>\n<p>En fin, ya os contar\u00e9 si al final tengo dos semanas de vacaciones o solo una o una de spa y otra de <em>sightseeing<\/em> con L o qu\u00e9&#8230; \u00ac\u00ac <\/p>\n<p>Ahora me voy pa casa que es lunes y no he dao pie con bola v.v<\/p>\n<p>Con esto y un bizcocho&#8230; Besos<br \/>\nCris<\/p>\n","protected":false},"excerpt":{"rendered":"<p>El caso es que para M\u00e1ria y para m\u00ed este fin de semana ha sido de lo m\u00e1s calmado. Nos levantamos tarde, desayunamos tranquilamente en pijama, fuimos a la piscina, vimos pel\u00edculas y charlamos largo y tendido. Para los chicos el fin de semana no fue tal y como lo hab\u00edan planeado&#8230; Principalmente porque Christoph [&hellip;]<\/p>\n","protected":false},"author":3,"featured_media":0,"comment_status":"open","ping_status":"closed","sticky":false,"template":"","format":"standard","meta":{"footnotes":""},"categories":[],"tags":[],"class_list":["post-1082","post","type-post","status-publish","format-standard","hentry"],"_links":{"self":[{"href":"https:\/\/blog.lapecera.ch\/index.php?rest_route=\/wp\/v2\/posts\/1082","targetHints":{"allow":["GET"]}}],"collection":[{"href":"https:\/\/blog.lapecera.ch\/index.php?rest_route=\/wp\/v2\/posts"}],"about":[{"href":"https:\/\/blog.lapecera.ch\/index.php?rest_route=\/wp\/v2\/types\/post"}],"author":[{"embeddable":true,"href":"https:\/\/blog.lapecera.ch\/index.php?rest_route=\/wp\/v2\/users\/3"}],"replies":[{"embeddable":true,"href":"https:\/\/blog.lapecera.ch\/index.php?rest_route=%2Fwp%2Fv2%2Fcomments&post=1082"}],"version-history":[{"count":0,"href":"https:\/\/blog.lapecera.ch\/index.php?rest_route=\/wp\/v2\/posts\/1082\/revisions"}],"wp:attachment":[{"href":"https:\/\/blog.lapecera.ch\/index.php?rest_route=%2Fwp%2Fv2%2Fmedia&parent=1082"}],"wp:term":[{"taxonomy":"category","embeddable":true,"href":"https:\/\/blog.lapecera.ch\/index.php?rest_route=%2Fwp%2Fv2%2Fcategories&post=1082"},{"taxonomy":"post_tag","embeddable":true,"href":"https:\/\/blog.lapecera.ch\/index.php?rest_route=%2Fwp%2Fv2%2Ftags&post=1082"}],"curies":[{"name":"wp","href":"https:\/\/api.w.org\/{rel}","templated":true}]}}