{"id":108,"date":"2007-09-04T13:20:00","date_gmt":"2007-09-04T11:20:00","guid":{"rendered":"http:\/\/lapecera.ch\/?p=108"},"modified":"2007-09-04T13:20:00","modified_gmt":"2007-09-04T11:20:00","slug":"basel-ich-liebe-dich","status":"publish","type":"post","link":"https:\/\/blog.lapecera.ch\/?p=108","title":{"rendered":"Basel, ich liebe dich"},"content":{"rendered":"<p>Lo reconozco. Puse unas mentirijillas un poco rebuscadas y extra\u00f1as&#8230; Sobre todo, la que se os ha quedao en el tintero, que s\u00f3lo la acertao mi amorcillo. Y bueno, no es que la acertase, es que me llam\u00f3 mala persona por escribir lo que escrib\u00ed. \u00bfY qu\u00e9 era eso que era mentira?<\/p>\n<p>Aparte de mi falta de seguridad, del poco miedo a las alturas, de mi amor por los peluches y de mi inexistente afici\u00f3n al whisky, usando un poquito los recursos que San Google y mami IMDB ofrece, habr\u00edais descubierto que <a href=\"http:\/\/www.imdb.com\/title\/tt0085809\/\" target=\"_blank\">Koyaanisqatsi<\/a> no puede ser ni de lejos una de mis pel\u00edculas favoritas. Es una pel\u00edcula interesante, s\u00ed, innovadora en su \u00e9poca, pero soy incapaz de verla entera sin aburrirme como una ostra. A Christoph le encanta xDDD Y aunque parezca raro, no, no me gustan las fresas, ni las frambuesas, ni ninguna baya prima hermana o pariente lejana de las primeras.<\/p>\n<p><a href=\"http:\/\/www.lapecera.ch\/uploaded_images\/DSC02639-719079.JPG\" rel=\"example3\"><img decoding=\"async\" style=\"float:right; margin:0 0 10px 10px;cursor:pointer; cursor:hand;\" src=\"http:\/\/www.lapecera.ch\/uploaded_images\/DSC02639-718696.JPG\" border=\"0\" alt=\"\" \/><\/a>Aparte de todo esto, este fin de semana Maria y Mathias han estado de visita y nos hemos ido al monte cual cabras a hacer un Wanderung de esos que tanto me gustan hacer. La idea original era dormir en una de las caba\u00f1as del SAC, pero estaba completa as\u00ed que en vez de dos d\u00edas en la monta\u00f1a, fuimos solo el s\u00e1bado. Nos levantamos temprano y nos plantamos en el Maderanertal (el valle de Maderan) a las 11 de la ma\u00f1ana. A las 11 y media ya estabamos de camino. El tiempo no acompa\u00f1\u00f3 mucho, pasamos gran parte del camino en las nubes (literalmente) y estaba un pel\u00edn fresco. A veces entre las nubes aparec\u00edan las monta\u00f1as y pudimos hacer fotos&#8230; Despu\u00e9s de comer y hacer una paradita a tomar algo caliente en la caba\u00f1a, donde \u00edbamos a dormir, pero al final no pudo ser), bajamos de vuelta al valle pasando por el Golzernsee (un lago de monta\u00f1a) y pa las 6 ya est\u00e1bamos en el coche en direcci\u00f3n a Basel (pa cenar una fondue de queso ^___^).<\/p>\n<p>Y a todo esto, yo iba a escribir esta entrada por alguna raz\u00f3n, pero ahora ya no me acuerdo. Ayer vi al entrenador del FC Basel en Aeschenplatz de la que aparcaba su Volkswagen Touareg y me record\u00f3 que en Suiza ese tipo de cosas es posible. Ayer tambi\u00e9n me trajeron mi bicleta, la cual no recordaba yo que fuese tan pesada (o.O) y que tengo que llevar a revisar, y mis botas Mustang con un tac\u00f3n de la virgen, que hace a\u00f1os que no me pongo xDDD <\/p>\n<p>Con un poco de suerte pa cuando publique esto definitivamente las <a href=\"http:\/\/picasaweb.google.com\/papalbina\/Maderanertal1907\">fotos de este fin de semana<\/a> y de la <a href=\"http:\/\/picasaweb.google.com\/lapecera.fotos\/VisitaDeCristinaEmmaMariaYElenaMayo2007?authkey=Gv1sRgCIaWr-6b3eW7zQE#\" target=\"_blank\">visita de mis amigas en mayo<\/a> estar\u00e1n subidas a las web y podr\u00e9is verlas ^___^<\/p>\n<p>Y punto y final y me voy a comer&#8230;<\/p>\n<p>Con esto y un bizcocho&#8230; Besos<br \/>Cris<\/p>\n<p>PS: A partir del jueves no tendremos cocina en la empresa durante una semana T____T<br \/>PPS: Por si no os hab\u00edais fijado, he cambiado el estilo de los t\u00edtulos de las entradas, \u00bfos gustan as\u00ed? \u00bfQuedan bien?<\/p>\n","protected":false},"excerpt":{"rendered":"<p>Lo reconozco. Puse unas mentirijillas un poco rebuscadas y extra\u00f1as&#8230; Sobre todo, la que se os ha quedao en el tintero, que s\u00f3lo la acertao mi amorcillo. Y bueno, no es que la acertase, es que me llam\u00f3 mala persona por escribir lo que escrib\u00ed. \u00bfY qu\u00e9 era eso que era mentira? Aparte de mi [&hellip;]<\/p>\n","protected":false},"author":3,"featured_media":0,"comment_status":"open","ping_status":"closed","sticky":false,"template":"","format":"standard","meta":{"footnotes":""},"categories":[],"tags":[],"class_list":["post-108","post","type-post","status-publish","format-standard","hentry"],"_links":{"self":[{"href":"https:\/\/blog.lapecera.ch\/index.php?rest_route=\/wp\/v2\/posts\/108","targetHints":{"allow":["GET"]}}],"collection":[{"href":"https:\/\/blog.lapecera.ch\/index.php?rest_route=\/wp\/v2\/posts"}],"about":[{"href":"https:\/\/blog.lapecera.ch\/index.php?rest_route=\/wp\/v2\/types\/post"}],"author":[{"embeddable":true,"href":"https:\/\/blog.lapecera.ch\/index.php?rest_route=\/wp\/v2\/users\/3"}],"replies":[{"embeddable":true,"href":"https:\/\/blog.lapecera.ch\/index.php?rest_route=%2Fwp%2Fv2%2Fcomments&post=108"}],"version-history":[{"count":0,"href":"https:\/\/blog.lapecera.ch\/index.php?rest_route=\/wp\/v2\/posts\/108\/revisions"}],"wp:attachment":[{"href":"https:\/\/blog.lapecera.ch\/index.php?rest_route=%2Fwp%2Fv2%2Fmedia&parent=108"}],"wp:term":[{"taxonomy":"category","embeddable":true,"href":"https:\/\/blog.lapecera.ch\/index.php?rest_route=%2Fwp%2Fv2%2Fcategories&post=108"},{"taxonomy":"post_tag","embeddable":true,"href":"https:\/\/blog.lapecera.ch\/index.php?rest_route=%2Fwp%2Fv2%2Ftags&post=108"}],"curies":[{"name":"wp","href":"https:\/\/api.w.org\/{rel}","templated":true}]}}