{"id":1076,"date":"2010-07-01T08:58:59","date_gmt":"2010-07-01T06:58:59","guid":{"rendered":"http:\/\/lapecera.ch\/?p=1076"},"modified":"2010-07-01T08:58:59","modified_gmt":"2010-07-01T06:58:59","slug":"babeando-bestialmente","status":"publish","type":"post","link":"https:\/\/blog.lapecera.ch\/?p=1076","title":{"rendered":"Babeando bestialmente"},"content":{"rendered":"<p>Hoy no he hecho peor cosa que en vez de dormir en el tren buscarme el video del trailer de &#8220;La bestia&#8221;&#8230; Por ninguna raz\u00f3n en concreto, salvo el gusto de ponerme a m\u00ed misma los dientes largos hasta septiembre (o el a\u00f1o que viene T-T).<\/p>\n<p>La pel\u00edcula la estrenan el a\u00f1o que viene en los Estados Unidos (fecha cambiada oficialmente del 30 de julio, que dice el trailer, a marzo del 2011 segun facebook y web oficial, WTF?), pero a Alemania y Suiza dice cineman.ch que llega el 9 de septiembre, que supongo que no ser\u00e1 posible ya T__T Me ha gustado un mont\u00f3n lo que he visto, sobre todo, Mary-Kate Olsen como Kendra. Han cambiado muchas cosas: vease la pinta que tiene la bestia, lo que hablan de las rosas y el invernadero o c\u00f3mo llega Lindy a casa de Kyle\/Adrian (\u00bfKyle se cambia el nombre en la pel\u00edcula?)&#8230; Pero mientras Pettyfer est\u00e9 en la pel\u00edcula, me importa bien poco si se parece o no al libro xDDD<\/p>\n<p><object width=\"560\" height=\"340\"><param name=\"movie\" value=\"http:\/\/www.youtube.com\/v\/Neo6W1f7hyY&#038;hl=en_US&#038;fs=1&#038;color1=0x5d1719&#038;color2=0xcd311b\"><\/param><param name=\"allowFullScreen\" value=\"true\"><\/param><param name=\"allowscriptaccess\" value=\"always\"><\/param><embed src=\"http:\/\/www.youtube.com\/v\/Neo6W1f7hyY&#038;hl=en_US&#038;fs=1&#038;color1=0x5d1719&#038;color2=0xcd311b\" type=\"application\/x-shockwave-flash\" allowscriptaccess=\"always\" allowfullscreen=\"true\" width=\"560\" height=\"340\"><\/embed><\/object><\/p>\n<p>Lo \u00fanico raro que le encuentro es: \u00bfa qu\u00e9 suena el acento de Pettyfer? Parece brit\u00e1nico (que es lo que deber\u00eda ser), pero en general no suena como en &#8220;Wild Child&#8221; fO.o \u00bfO ser\u00e9 yo?<\/p>\n<p>Bueno, os dejo, voy a mi bila con la jefa y a babear todo el d\u00eda viendo de vez en cuando el v\u00eddeo *\u00ac*<\/p>\n<p>Con esto y un bizcocho&#8230; Besos<br \/>\nCris<\/p>\n","protected":false},"excerpt":{"rendered":"<p>Hoy no he hecho peor cosa que en vez de dormir en el tren buscarme el video del trailer de &#8220;La bestia&#8221;&#8230; Por ninguna raz\u00f3n en concreto, salvo el gusto de ponerme a m\u00ed misma los dientes largos hasta septiembre (o el a\u00f1o que viene T-T). La pel\u00edcula la estrenan el a\u00f1o que viene en [&hellip;]<\/p>\n","protected":false},"author":3,"featured_media":0,"comment_status":"open","ping_status":"closed","sticky":false,"template":"","format":"standard","meta":{"footnotes":""},"categories":[],"tags":[],"class_list":["post-1076","post","type-post","status-publish","format-standard","hentry"],"_links":{"self":[{"href":"https:\/\/blog.lapecera.ch\/index.php?rest_route=\/wp\/v2\/posts\/1076","targetHints":{"allow":["GET"]}}],"collection":[{"href":"https:\/\/blog.lapecera.ch\/index.php?rest_route=\/wp\/v2\/posts"}],"about":[{"href":"https:\/\/blog.lapecera.ch\/index.php?rest_route=\/wp\/v2\/types\/post"}],"author":[{"embeddable":true,"href":"https:\/\/blog.lapecera.ch\/index.php?rest_route=\/wp\/v2\/users\/3"}],"replies":[{"embeddable":true,"href":"https:\/\/blog.lapecera.ch\/index.php?rest_route=%2Fwp%2Fv2%2Fcomments&post=1076"}],"version-history":[{"count":0,"href":"https:\/\/blog.lapecera.ch\/index.php?rest_route=\/wp\/v2\/posts\/1076\/revisions"}],"wp:attachment":[{"href":"https:\/\/blog.lapecera.ch\/index.php?rest_route=%2Fwp%2Fv2%2Fmedia&parent=1076"}],"wp:term":[{"taxonomy":"category","embeddable":true,"href":"https:\/\/blog.lapecera.ch\/index.php?rest_route=%2Fwp%2Fv2%2Fcategories&post=1076"},{"taxonomy":"post_tag","embeddable":true,"href":"https:\/\/blog.lapecera.ch\/index.php?rest_route=%2Fwp%2Fv2%2Ftags&post=1076"}],"curies":[{"name":"wp","href":"https:\/\/api.w.org\/{rel}","templated":true}]}}