{"id":1071,"date":"2010-06-29T10:54:45","date_gmt":"2010-06-29T08:54:45","guid":{"rendered":"http:\/\/lapecera.ch\/?p=1071"},"modified":"2010-06-29T10:54:45","modified_gmt":"2010-06-29T08:54:45","slug":"los-ojos-de-mi-nina","status":"publish","type":"post","link":"https:\/\/blog.lapecera.ch\/?p=1071","title":{"rendered":"Los ojos de mi ni\u00f1a"},"content":{"rendered":"<p>Hoy me despert\u00e9 a las 4 de la ma\u00f1ana con dolor de ojos. No de cabeza o de barriga, no, de ojos&#8230; bueno, para ser exactos, ojo. Ten\u00eda el ojo derecho que parec\u00eda que acaba de entrarme una libelula (o todas las pesta\u00f1as de golpe) en \u00e9l, rojo, irritado. Todav\u00eda tengo problemas para mantenerlo abierto y me duele\/molesta cuando lo muevo. A ver si a base de colirio y suero fisiol\u00f3gico se me calma la irritaci\u00f3n, porque si no, me veo ma\u00f1ana yendo al m\u00e9dico&#8230; a que me d\u00e9 un colirio \u00ac\u00ac <\/p>\n<p><a href=\"http:\/\/lapecera.ch\/wp-content\/uploads\/2010\/06\/summer_by_dokkuz.jpg\" rel=\"example3\" title=\"Esto estaremos haciendo Maria y yo este fin de semana xD\"><img loading=\"lazy\" decoding=\"async\" src=\"http:\/\/lapecera.ch\/wp-content\/uploads\/2010\/06\/summer_by_dokkuz-209x300.jpg\" alt=\"\" title=\"summer_by_dokkuz\" width=\"209\" height=\"300\" class=\"alignleft size-medium wp-image-1074\" \/><\/a>Este fin de semana estuvimos de fiesta de verano en un paraiso natural donde Cristo perdi\u00f3 la zapatilla, aka Hettiswil. Un compa\u00f1ero de clase de Christoph de esa cosa rara que est\u00e1 estudiando y que va a terminar dentro de poco escribiendo su <em>Masterarbeit<\/em>, que todav\u00eda no ha empezado, nos invit\u00f3 a su <em>Sommerfest<\/em>. La organiza junto con sus vecinos todos los a\u00f1os en el prado de su casa. <\/p>\n<p>La casa es interesante. Es como una casa de campo, grande, de madera, antigua, pero est\u00e1 dividida en tres apartamentos y all\u00ed viven tres familias diferentes. Las tres familias son las due\u00f1as de la casa a trav\u00e9s de una sociedad cooperativa. Es una cosa que no hab\u00eda visto\/o\u00eddo en mi vida: juntarse en forma de sociedad jur\u00eddica para comprar una casa&#8230; Seguro que tiene ventajas fiscales y esas cosas, aparte de que hace m\u00e1s sencillo tener el dinero suficiente para comprar una casa&#8230; <\/p>\n<p>El caso es que la casa mola un g\u00fcevo. Es vieja y todo eso, pero tiene un jard\u00edn genial, con huerto, vag\u00f3n de tren\/habitaci\u00f3n multimedia (donde estuvieron viendo el partido Ghana-USA), barbacoa, piscina-barril para los ni\u00f1os, campo de voleibol improvisado, etc. Aparte contrataron un grupo para ponerle m\u00fasica a la fiesta, que se financiaba con el dinero que sacaban del bar y la colecta que hicieron al final. El grupo era de Berna, hablaban en alem\u00e1n, cantaban en franc\u00e9s y se llamaban &#8220;Feet Peals&#8221;. Si alguien tiene una explicaci\u00f3n coherente para esa combinaci\u00f3n, soy todo o\u00eddos. Tocaban una mezcla entre una fiesta jud\u00eda, una banda de m\u00fasica celta y jazz. No sonaban mal, pero&#8230; Lo mejor de todo fue ver a la gente bailando. No s\u00e9 si era porque eran intelectuales ecologista o qu\u00e9, pero parec\u00eda, como dec\u00eda <a href=\"http:\/\/lapecera.ch\/2010\/05\/schools-kill-creativity\/\">Sir Ken Robinson<\/a>, que su cuerpo s\u00f3lo estaba hecho para trasladar la cabeza que llevan encima de los hombros. Hab\u00eda serios problemas de coordinaci\u00f3n y movimientos compulsivos xDDD<\/p>\n<p>En fin, lo pasamos bastante bien, a pesar de que no conoc\u00edamos a casi nadie. Interesante de que las personas que conocimos le preguntaban a Christoph a qu\u00e9 se dedicaba, pero nadie se molest\u00f3 en pregunt\u00e1rmelo a m\u00ed. Es la primera vez que no tengo que explicar a media fiesta qu\u00e9 es un <em>test manager<\/em> o qu\u00e9 es lo que hace Avaloq xDD<\/p>\n<p>Este fin de semana vienen Maria y Mathias. El viernes Christoph y Mathias se van a la monta\u00f1a y Maria y yo nos quedamos en casa vagueando tiradas al sol en la piscina o en la terraza o donde encontremos un huequecillo (lo cual significa que me tengo que poner el bikini, o sea, me tengo que depilar). Tengo pelis, libros y todo lo que se necesita para vaguear un fin de semana. Y el domingo nos vamos a brunchear con la familia de Christoph para celebrar el sexto cumplea\u00f1os de Janis \ud83d\ude09 Ya os contar\u00e9 qu\u00e9 tal.<\/p>\n<p>Ahora os dejo, tengo dos informes esperando por m\u00ed (lo que no s\u00e9 es si los ver\u00e9, ya me duele la cabeza de tener un ojo cerrado mientras escribo T-T).<\/p>\n<p>Con esto y un bizcocho&#8230; Besos<br \/>\nCris<\/p>\n","protected":false},"excerpt":{"rendered":"<p>Hoy me despert\u00e9 a las 4 de la ma\u00f1ana con dolor de ojos. No de cabeza o de barriga, no, de ojos&#8230; bueno, para ser exactos, ojo. Ten\u00eda el ojo derecho que parec\u00eda que acaba de entrarme una libelula (o todas las pesta\u00f1as de golpe) en \u00e9l, rojo, irritado. Todav\u00eda tengo problemas para mantenerlo abierto [&hellip;]<\/p>\n","protected":false},"author":3,"featured_media":0,"comment_status":"open","ping_status":"closed","sticky":false,"template":"","format":"standard","meta":{"footnotes":""},"categories":[],"tags":[],"class_list":["post-1071","post","type-post","status-publish","format-standard","hentry"],"_links":{"self":[{"href":"https:\/\/blog.lapecera.ch\/index.php?rest_route=\/wp\/v2\/posts\/1071","targetHints":{"allow":["GET"]}}],"collection":[{"href":"https:\/\/blog.lapecera.ch\/index.php?rest_route=\/wp\/v2\/posts"}],"about":[{"href":"https:\/\/blog.lapecera.ch\/index.php?rest_route=\/wp\/v2\/types\/post"}],"author":[{"embeddable":true,"href":"https:\/\/blog.lapecera.ch\/index.php?rest_route=\/wp\/v2\/users\/3"}],"replies":[{"embeddable":true,"href":"https:\/\/blog.lapecera.ch\/index.php?rest_route=%2Fwp%2Fv2%2Fcomments&post=1071"}],"version-history":[{"count":0,"href":"https:\/\/blog.lapecera.ch\/index.php?rest_route=\/wp\/v2\/posts\/1071\/revisions"}],"wp:attachment":[{"href":"https:\/\/blog.lapecera.ch\/index.php?rest_route=%2Fwp%2Fv2%2Fmedia&parent=1071"}],"wp:term":[{"taxonomy":"category","embeddable":true,"href":"https:\/\/blog.lapecera.ch\/index.php?rest_route=%2Fwp%2Fv2%2Fcategories&post=1071"},{"taxonomy":"post_tag","embeddable":true,"href":"https:\/\/blog.lapecera.ch\/index.php?rest_route=%2Fwp%2Fv2%2Ftags&post=1071"}],"curies":[{"name":"wp","href":"https:\/\/api.w.org\/{rel}","templated":true}]}}