{"id":1063,"date":"2010-06-23T16:55:39","date_gmt":"2010-06-23T14:55:39","guid":{"rendered":"http:\/\/lapecera.ch\/?p=1063"},"modified":"2010-06-23T16:55:39","modified_gmt":"2010-06-23T14:55:39","slug":"va-de-pelos","status":"publish","type":"post","link":"https:\/\/blog.lapecera.ch\/?p=1063","title":{"rendered":"Va de pelos"},"content":{"rendered":"<p>Debe de ser de tanto leer \u00faltimamente, de ver tanta p\u00e1gina escrita, que mis propios personajes se revelan y me persiguen m\u00e1s que antes. El estr\u00e9s esta semana est\u00e1 siendo brutal y quiz\u00e1 eso tambi\u00e9n haya contribu\u00eddo a que mi capacidad de abstracci\u00f3n (aka capacidad para distraerse mirando las musara\u00f1as) aumente por momentos. Es en esos momentillos cuando Marc me visita. Durante unas semanas lo hizo Lola, pero tuve que dejarla a remojo porque no era capaz de imaginarme su pelo. <\/p>\n<p><a href=\"http:\/\/lapecera.ch\/wp-content\/uploads\/2010\/06\/beastly11.jpg\" rel=\"example3\"><img loading=\"lazy\" decoding=\"async\" src=\"http:\/\/lapecera.ch\/wp-content\/uploads\/2010\/06\/beastly11-179x300.jpg\" alt=\"\" title=\"beastly11\" width=\"179\" height=\"300\" class=\"alignright size-medium wp-image-1065\" srcset=\"https:\/\/blog.lapecera.ch\/wp-content\/uploads\/2010\/06\/beastly11-179x300.jpg 179w, https:\/\/blog.lapecera.ch\/wp-content\/uploads\/2010\/06\/beastly11-612x1024.jpg 612w, https:\/\/blog.lapecera.ch\/wp-content\/uploads\/2010\/06\/beastly11.jpg 638w\" sizes=\"auto, (max-width: 179px) 100vw, 179px\" \/><\/a>Lo peligroso de todo esto es que desde hace unos d\u00edas <strong>Marc Bachmann<\/strong>, que antes no ten\u00eda una cara especialmente definida, salvo por los ojos grises y las gre\u00f1as rubias, se me presenta con la cara y el cuerpo de mi <em>Sex God<\/em> favorito. S\u00ed, de Alex Petyffer. Y eso es muy malo porque Marc se supone que es un chico del mont\u00f3n, o sea, del mont\u00f3n de chicos de 18 a\u00f1os que pueden ser atractivos o resultones sin ser especialmente guapos. Marc es sencillo, no <em>gorgeous<\/em>, nada de <em>sex-symbols<\/em>, sino simple, mundano, de andar-por-casa. Lo que s\u00ed me sirve es el corte de pelo que lleva Alex Pettyfer. \u00bfC\u00f3mo definir\u00edais vosotros ese corte de pelo? \u00bfGre\u00f1as? Estoy algo perdida con la descripci\u00f3n en este punto fO.o <\/p>\n<p>Por otro lado, los problemas con el pelo de Lola siguen presentes&#8230; por la sencilla raz\u00f3n de que no tengo ni idea de qu\u00e9 hay que hacer para cuidar el pelo excesivamente rizado y si hay alguna forma\/formula para que los rizos queden m\u00e1s abiertos&#8230; Acepto cualquier tipo de feedbacks sobre pelo rizado xDDD Y otra pregunta: \u00bfhay alg\u00fan nombre para describir <a href=\"http:\/\/lapecera.ch\/wp-content\/uploads\/2010\/06\/curly_hair.jpg\" rel=\"example3\">este tipo de rizos<\/a>? Los tirabuzones son m\u00e1s amplios, \u00bfno?<\/p>\n<p>S\u00e9 que deber\u00eda estar preocup\u00e1ndome por otros temas m\u00e1s, digamos, profundos de la vida de mis personajes, pero ahora mismo, el problema de los pelos me molesta cual mosca cojonera y hasta que no lo solucione no quedar\u00e9 tranquila&#8230; Eso, y el del traslado de Lola al instituto suizo. Un d\u00eda de estos me acordar\u00e9 de preguntarle a Dominik \ud83d\ude1b<\/p>\n<p>Y ahora os dejo, creo que al fin voy a recibir el <em>download <\/em>definitivo para hacer la instalaci\u00f3n final (de una p*** vez) y luego irme a casa a tomar el sol o a ver &#8220;Castle&#8221; o a vaguear un rato.<\/p>\n<p>Con esto y un bizcocho&#8230; Besos<br \/>\nCris<\/p>\n<p>PS: *modo cotilla on* \u00bfSab\u00edais que Leona Lewis y su novio, el electricista, se han separado? \u00bfSe le habr\u00e1n subido a ella los humos de diva a la cabeza? \u00bfO ser\u00e1 \u00e9l que no ha sabido soportar la presi\u00f3n de tener una novia famosa? *modo cotilla off*<\/p>\n","protected":false},"excerpt":{"rendered":"<p>Debe de ser de tanto leer \u00faltimamente, de ver tanta p\u00e1gina escrita, que mis propios personajes se revelan y me persiguen m\u00e1s que antes. El estr\u00e9s esta semana est\u00e1 siendo brutal y quiz\u00e1 eso tambi\u00e9n haya contribu\u00eddo a que mi capacidad de abstracci\u00f3n (aka capacidad para distraerse mirando las musara\u00f1as) aumente por momentos. Es en [&hellip;]<\/p>\n","protected":false},"author":3,"featured_media":0,"comment_status":"open","ping_status":"closed","sticky":false,"template":"","format":"standard","meta":{"footnotes":""},"categories":[],"tags":[],"class_list":["post-1063","post","type-post","status-publish","format-standard","hentry"],"_links":{"self":[{"href":"https:\/\/blog.lapecera.ch\/index.php?rest_route=\/wp\/v2\/posts\/1063","targetHints":{"allow":["GET"]}}],"collection":[{"href":"https:\/\/blog.lapecera.ch\/index.php?rest_route=\/wp\/v2\/posts"}],"about":[{"href":"https:\/\/blog.lapecera.ch\/index.php?rest_route=\/wp\/v2\/types\/post"}],"author":[{"embeddable":true,"href":"https:\/\/blog.lapecera.ch\/index.php?rest_route=\/wp\/v2\/users\/3"}],"replies":[{"embeddable":true,"href":"https:\/\/blog.lapecera.ch\/index.php?rest_route=%2Fwp%2Fv2%2Fcomments&post=1063"}],"version-history":[{"count":0,"href":"https:\/\/blog.lapecera.ch\/index.php?rest_route=\/wp\/v2\/posts\/1063\/revisions"}],"wp:attachment":[{"href":"https:\/\/blog.lapecera.ch\/index.php?rest_route=%2Fwp%2Fv2%2Fmedia&parent=1063"}],"wp:term":[{"taxonomy":"category","embeddable":true,"href":"https:\/\/blog.lapecera.ch\/index.php?rest_route=%2Fwp%2Fv2%2Fcategories&post=1063"},{"taxonomy":"post_tag","embeddable":true,"href":"https:\/\/blog.lapecera.ch\/index.php?rest_route=%2Fwp%2Fv2%2Ftags&post=1063"}],"curies":[{"name":"wp","href":"https:\/\/api.w.org\/{rel}","templated":true}]}}