{"id":106,"date":"2007-08-29T13:24:00","date_gmt":"2007-08-29T11:24:00","guid":{"rendered":"http:\/\/lapecera.ch\/?p=106"},"modified":"2007-08-29T13:24:00","modified_gmt":"2007-08-29T11:24:00","slug":"enamorado-de-la-moda-juvenil","status":"publish","type":"post","link":"https:\/\/blog.lapecera.ch\/?p=106","title":{"rendered":"Enamorado de la moda juvenil"},"content":{"rendered":"<blockquote><p>This&#8230; &#8216;stuff&#8217;? Oh&#8230; ok. I see, you think this has nothing to do with you. You go to your closet and you select out, oh I don&#8217;t know, that lumpy blue sweater, for instance, because you&#8217;re trying to tell the world that you take yourself too seriously to care about what you put on your back. But what you don&#8217;t know is that that sweater is not just blue, it&#8217;s not turquoise, it&#8217;s not lapis, it&#8217;s actually cerulean. You&#8217;re also blithely unaware of the fact that in 2002, Oscar De La Renta did a collection of cerulean gowns. And then I think it was Yves St Laurent, wasn&#8217;t it, who showed cerulean military jackets? And then cerulean quickly showed up in the collections of 8 different designers. Then it filtered down through the department stores and then trickled on down into some tragic casual corner where you, no doubt, fished it out of some clearance bin. However, that blue represents millions of dollars and countless jobs and so it&#8217;s sort of comical how you think that you&#8217;ve made a choice that exempts you from the fashion industry when, in fact, you&#8217;re wearing the sweater that was selected for you by the people in this room. From a pile of stuff.<\/p>\n<p><span style=\"font-size:85%;\">Miranda Priestly, <em><a href=\"http:\/\/www.imdb.com\/title\/tt0458352\/\" target=\"_blank\">The Devil wears Prada (2006)<\/a><\/em><\/span><\/p><\/blockquote>\n<p>El otro d\u00eda vi esta pel\u00edcula, <em>The devil wears Prada<\/em>, y aparte de parecerme totalmente insulsa, hubo dos cosas que me llamaron la atenci\u00f3n: una, la cita que he puesto arriba, que no por ser de una pel\u00edcula\/libro, es menos cierta :S y dos, una de las conversaciones que hay en la pel\u00edcula entre Andy y Nigel sobre las tallas. Joder, estoy delgada, mido 1,62 y peso 57 kilos, lo que conlleva un BMI de 21.7, y uso una talla 6&#8230; La talla 6 es la que usa Andy al principio de la peli, que provoca reacciones en plan &#8220;\u00a1Oh, my gosh! \u00bfC\u00f3mo puedes estar tan gorda?&#8221; O____________o<\/p>\n<p>Luego est\u00e1 la cuesti\u00f3n del estilo y la ropa, que sale en esa pel\u00edcula&#8230; Si la hab\u00e9is visto, \u00bfos gustan las combinaciones que lleva a veces la protagonista? A m\u00ed hay algunas que me mataban (con excepci\u00f3n de un vestido negro que lleva en una fiesta, que es precioso *\u00ac*) y, en general, me pas\u00e9 la pel\u00edcula pensando &#8220;\u00a1c\u00f3mo me gusta mi chaqueta de Mammut y mis pantalones vaqueros!&#8221; xDDD<\/p>\n<p>Y es que a m\u00ed me gusta mucho la ropa, los trajes, las faldas y todas esas cosas, pero desde hace un par de a\u00f1os soy feliz con mis tejanos, mis camisetas de H&#038;M de CHF9.90 y mis botas de monta\u00f1a (o en su defecto, mis playeros de adidas o mis botas de invierno con piel de borreguillo *-*). No me gustan las modas, si bien suelo encontrar siempre algo que pega conmigo; lo que se lleva \u00faltimamente me horroriza&#8230; \u00bfHab\u00e9is visto las \u00faltimas tendencias para el invierno? \u00bflas nuevas temporadas de las tiendas de moda?* No es de extra\u00f1ar que me sienta m\u00e1s c\u00f3moda comprando en <a href=\"http:\/\/www.baechli-bergsport.ch\/\" target=\"_blank\">B\u00e4chli Bergsport AG<\/a> que en Zara, Mango o H&amp;M. Vale, reconozco que tengo unas All-Star, que me encantan las mu\u00f1equeras, que tengo un bolso de Timbuk2 y otro de LeSacSportif, que Puma y Adidas son mis marcas favoritas y que me encanta Stella McCartney, pero estoy viendo que este invierno necesito un par de pantalones nuevos&#8230; y voy a sufrir para encontrar unos a mi gusto, \u00faltimamente odio ir de tiendas T______T<\/p>\n<p>Y na, no s\u00e9 a cuento de qu\u00e9 ven\u00eda escribir esta entrada, no me parece haber dicho nada nuevo, ni haber criticado nada, despu\u00e9s de todo soy una v\u00edctima m\u00e1s de esa gente que dentro de una oficina de una gran revista de moda eligieron que este verano se llevase ese rosa\/rojo raro que tanto me gusta y que se extiende por mi armario como si fuera la marabunta&#8230;<\/p>\n<p>Estaba aburrida, eso es todo xDD<\/p>\n<p>Con esto y un bizcocho&#8230; Besos<br \/>Cris<\/p>\n<p>*<span style=\"font-size:85%;\">no, no compro revistas de moda, pero en mi empresa tienen un abono al Gala, que es algo as\u00ed como el Diez Minutos, y la mitad de la revista es sobre moda y tendencias (y ojo, que mis queridos informaticos se pegan por ella xDD)<\/span><\/p>\n","protected":false},"excerpt":{"rendered":"<p>This&#8230; &#8216;stuff&#8217;? Oh&#8230; ok. I see, you think this has nothing to do with you. You go to your closet and you select out, oh I don&#8217;t know, that lumpy blue sweater, for instance, because you&#8217;re trying to tell the world that you take yourself too seriously to care about what you put on your [&hellip;]<\/p>\n","protected":false},"author":3,"featured_media":0,"comment_status":"open","ping_status":"closed","sticky":false,"template":"","format":"standard","meta":{"footnotes":""},"categories":[],"tags":[],"class_list":["post-106","post","type-post","status-publish","format-standard","hentry"],"_links":{"self":[{"href":"https:\/\/blog.lapecera.ch\/index.php?rest_route=\/wp\/v2\/posts\/106","targetHints":{"allow":["GET"]}}],"collection":[{"href":"https:\/\/blog.lapecera.ch\/index.php?rest_route=\/wp\/v2\/posts"}],"about":[{"href":"https:\/\/blog.lapecera.ch\/index.php?rest_route=\/wp\/v2\/types\/post"}],"author":[{"embeddable":true,"href":"https:\/\/blog.lapecera.ch\/index.php?rest_route=\/wp\/v2\/users\/3"}],"replies":[{"embeddable":true,"href":"https:\/\/blog.lapecera.ch\/index.php?rest_route=%2Fwp%2Fv2%2Fcomments&post=106"}],"version-history":[{"count":0,"href":"https:\/\/blog.lapecera.ch\/index.php?rest_route=\/wp\/v2\/posts\/106\/revisions"}],"wp:attachment":[{"href":"https:\/\/blog.lapecera.ch\/index.php?rest_route=%2Fwp%2Fv2%2Fmedia&parent=106"}],"wp:term":[{"taxonomy":"category","embeddable":true,"href":"https:\/\/blog.lapecera.ch\/index.php?rest_route=%2Fwp%2Fv2%2Fcategories&post=106"},{"taxonomy":"post_tag","embeddable":true,"href":"https:\/\/blog.lapecera.ch\/index.php?rest_route=%2Fwp%2Fv2%2Ftags&post=106"}],"curies":[{"name":"wp","href":"https:\/\/api.w.org\/{rel}","templated":true}]}}