{"id":1054,"date":"2010-06-19T12:58:07","date_gmt":"2010-06-19T10:58:07","guid":{"rendered":"http:\/\/lapecera.ch\/?p=1054"},"modified":"2010-06-19T12:58:07","modified_gmt":"2010-06-19T10:58:07","slug":"mi-estanteria","status":"publish","type":"post","link":"https:\/\/blog.lapecera.ch\/?p=1054","title":{"rendered":"Mi estanter\u00eda"},"content":{"rendered":"<p>La de Anobii, no, la que tengo en casa xDD<\/p>\n<p>El otro d\u00eda os dije que cuando acabase el reto de <a href=\"http:\/\/lapecera.ch\/2010\/05\/31-dias-31-libros\/\">31 d\u00edas \u2013 31 libros<\/a> os mostrar\u00eda el l\u00edo que tengo en mi estanter\u00eda&#8230; Pues aqu\u00ed est\u00e1 \ud83d\ude09<\/p>\n<p><a href=\"http:\/\/lapecera.ch\/wp-content\/uploads\/2010\/06\/my_bookshelf.jpg\" rel=\"example3\"><img loading=\"lazy\" decoding=\"async\" src=\"http:\/\/lapecera.ch\/wp-content\/uploads\/2010\/06\/my_bookshelf-245x300.jpg\" alt=\"\" title=\"my_bookshelf\" width=\"245\" height=\"300\" class=\"alignnone size-medium wp-image-1055\" srcset=\"https:\/\/blog.lapecera.ch\/wp-content\/uploads\/2010\/06\/my_bookshelf-245x300.jpg 245w, https:\/\/blog.lapecera.ch\/wp-content\/uploads\/2010\/06\/my_bookshelf-768x939.jpg 768w, https:\/\/blog.lapecera.ch\/wp-content\/uploads\/2010\/06\/my_bookshelf-838x1024.jpg 838w, https:\/\/blog.lapecera.ch\/wp-content\/uploads\/2010\/06\/my_bookshelf.jpg 1800w\" sizes=\"auto, (max-width: 245px) 100vw, 245px\" \/><\/a><\/p>\n<p>Aunque no se vea ah\u00ed, hay dos estantes llenos de libros de cocina de Betty Bossi y otros (est\u00e1n en la segunda fila de libros), m\u00e1s otro con los libros de tapa dura de Jamie Oliver y compa\u00f1\u00eda. El estante de abajo del todo a la derecha est\u00e1 reservado para gu\u00edas de viaje y mapas; el tercero empezando por abajo de la segunda columna de la derecha es el de los c\u00f3mics, aunque se me est\u00e1 quedando peque\u00f1o, y justo encima est\u00e1n los diccionarios y gram\u00e1ticas, donde ya no entra un alfiler tampoco. Abajo del todo a la izquierda est\u00e1n los libros de la colecci\u00f3n de Planeta DeAgostini de literatura fant\u00e1stica, salvo aquellos que ya he le\u00eddo o no me interesa leer&#8230; El resto es un caos. Hubo una temporada donde hab\u00eda una l\u00f3gica en la colocaci\u00f3n de mis libros, pero desde que me mude en abril del a\u00f1o pasado los pongo donde pillo, aka donde hay sitio&#8230; <\/p>\n<p>Y ahora me voy a desarmar la cama vieja y montar la nueva. El jueves, Christoph y yo fuimos a buscar la nueva cama a Migros y gracias a la derrota de Espa\u00f1a en el primer partido del mundial, nos ahorramos el 10% del precio&#8230; \ud83d\ude1b<\/p>\n<p>\u00a1Hala! Os dejo ^___^<\/p>\n<p>Con esto y un bizcocho&#8230; Besos<br \/>\nCris<\/p>\n","protected":false},"excerpt":{"rendered":"<p>La de Anobii, no, la que tengo en casa xDD El otro d\u00eda os dije que cuando acabase el reto de 31 d\u00edas \u2013 31 libros os mostrar\u00eda el l\u00edo que tengo en mi estanter\u00eda&#8230; Pues aqu\u00ed est\u00e1 \ud83d\ude09 Aunque no se vea ah\u00ed, hay dos estantes llenos de libros de cocina de Betty Bossi [&hellip;]<\/p>\n","protected":false},"author":3,"featured_media":0,"comment_status":"open","ping_status":"closed","sticky":false,"template":"","format":"standard","meta":{"footnotes":""},"categories":[],"tags":[],"class_list":["post-1054","post","type-post","status-publish","format-standard","hentry"],"_links":{"self":[{"href":"https:\/\/blog.lapecera.ch\/index.php?rest_route=\/wp\/v2\/posts\/1054","targetHints":{"allow":["GET"]}}],"collection":[{"href":"https:\/\/blog.lapecera.ch\/index.php?rest_route=\/wp\/v2\/posts"}],"about":[{"href":"https:\/\/blog.lapecera.ch\/index.php?rest_route=\/wp\/v2\/types\/post"}],"author":[{"embeddable":true,"href":"https:\/\/blog.lapecera.ch\/index.php?rest_route=\/wp\/v2\/users\/3"}],"replies":[{"embeddable":true,"href":"https:\/\/blog.lapecera.ch\/index.php?rest_route=%2Fwp%2Fv2%2Fcomments&post=1054"}],"version-history":[{"count":0,"href":"https:\/\/blog.lapecera.ch\/index.php?rest_route=\/wp\/v2\/posts\/1054\/revisions"}],"wp:attachment":[{"href":"https:\/\/blog.lapecera.ch\/index.php?rest_route=%2Fwp%2Fv2%2Fmedia&parent=1054"}],"wp:term":[{"taxonomy":"category","embeddable":true,"href":"https:\/\/blog.lapecera.ch\/index.php?rest_route=%2Fwp%2Fv2%2Fcategories&post=1054"},{"taxonomy":"post_tag","embeddable":true,"href":"https:\/\/blog.lapecera.ch\/index.php?rest_route=%2Fwp%2Fv2%2Ftags&post=1054"}],"curies":[{"name":"wp","href":"https:\/\/api.w.org\/{rel}","templated":true}]}}