{"id":105,"date":"2007-08-27T09:37:00","date_gmt":"2007-08-27T07:37:00","guid":{"rendered":"http:\/\/lapecera.ch\/?p=105"},"modified":"2007-08-27T09:37:00","modified_gmt":"2007-08-27T07:37:00","slug":"llamemoslo-arte-by-papalbinadotcom","status":"publish","type":"post","link":"https:\/\/blog.lapecera.ch\/?p=105","title":{"rendered":"Llam\u00e9moslo arte by papalbinadotcom"},"content":{"rendered":"<p>Este fin de semana me ha dejado de recuerdo agujetas hasta en el l\u00f3bulo de la oreja.<\/p>\n<p>Una vez m\u00e1s he participado en una de las multiples actividades que una empresa organiza para sus trabajadores. Si la semana pasada era mi empresa la que me llevaba a hacer de cabra en el monte, el s\u00e1bado me fui con Christoph al training-event que Swisscom organizaba para los trabajadores (y familiares) que participar\u00e1n en los Swisscom games en septiembre.<\/p>\n<p><a href=\"http:\/\/www.flickr.com\/photos\/small\/13785376\/\" target=\"_blank\"><img decoding=\"async\" style=\"float:left; margin:0 10px 10px 0;cursor:pointer; cursor:hand;\" src=\"http:\/\/www.lapecera.ch\/uploaded_images\/greifensee-733718.jpg\" border=\"0\" alt=\"\" \/><\/a>Swisscom games?? &#8220;\u00bfQu\u00e9 es eso?&#8221;, os preguntar\u00e9is. Pues Swisscom como empresa lider en telecomunicaciones en Suiza y empleadora de 17.000 personas se preocupa por la condici\u00f3n f\u00edsica de sus trabajadores y entre otros incentivos al deporte, organiza <span style=\"font-size:85%;\">(jolinas, es la tercera vez que utilizo esa palabra, \u00bfalg\u00fan sin\u00f3nimo, please?)<\/span> una especie de juegos ol\u00edmpicos para sus trabajadores. Este a\u00f1o es la segunda vez que lo hacen. Hay diferentes disciplinas y una de ellas es el Swisscomathlon: cinco disciplinas deportivas (nataci\u00f3n,inline-skates, mountain bike, ciclismo y atletismo), que se realiza en equipo. Christoph participar\u00e1 con su equipo corriendo 12 kil\u00f3metros. Pues, para estos trabajadores que desean participar en el Swisscomathlon hubo este fin de semana, el s\u00e1bado, un training camp para las diferentes modalidades. Era un family-event, como dicen ellos, as\u00ed que se pod\u00edan llevar ni\u00f1os, maridos, mujeres, novios, novias, madres, padres, etc. y \u00e9stos pod\u00edan participar en los entrenamientos o disfrutar de la nature pool o del spa de Milandia (el centro donde lo hicieron). <\/p>\n<p>Como Christoph va a correr en los games, se apunt\u00f3 al workshop y al entrenamiento de atletismo&#8230; A m\u00ed&#8230; me apunt\u00f3 al de speed-skating&#8230; Fue muy interesante, pero creo que en cualquier momento las agujetas van a acabar comi\u00e9ndome \u00ac\u00ac Por la ma\u00f1ana nos ense\u00f1aron t\u00e9cnica de patinaje de competici\u00f3n, la posici\u00f3n adecuada, c\u00f3mo frenar, c\u00f3mo dar curvas, etc., que por intuici\u00f3n yo ya conoc\u00eda (al fin y al cabo llevo patinando desde los 6 a\u00f1os, aunque s\u00f3lo sea por diversi\u00f3n). Despu\u00e9s de comer, nos explicaron un poco sobre materiales, ruedas, rodamiendos, limpieza y conservaci\u00f3n de patines, y luego nos fuimos a dar una vuelta al lago Greifen (Greifensee)&#8230; 22 km&#8230; en inline-skates en un grupo de 10&#8230; \u00a1Y SIN PAUSAS! TT_____TT<\/p>\n<p>El domingo me lo pas\u00e9 arrastr\u00e1ndome por casa y \u00a1pintando! S\u00ed, por primera vez en meses me he puesto a pintar y he terminado dos cuadros&#8230; Bueno, en realidad eran tres, pero el tercero era una simple prueba para ver si era capaz de trabajar con estructuras y masa de modelar (as\u00ed sali\u00f3 xDD). No soy buena pintora, no tengo talento alguno para dibujar y\/o pintar, pero es divertido jugar con los colores y ver lo que sale xDDD Aqu\u00ed ten\u00e9is mis obras de artes: <a href=\"http:\/\/www.lapecera.ch\/stuff\/arte2.jpg\" rel=\"example3\">un cuadro pa&#8217;l pasillo<\/a> y <a href=\"http:\/\/www.lapecera.ch\/stuff\/paisaje.jpg\" rel=\"example3\">un paisaje de tormenta<\/a> <\/p>\n<p>Bueno, na&#8230; y ya os dejo&#8230; voy a pegarme con el sharepoint y las p**** webparts \u00ac\u00ac<\/p>\n<p>Con esto y un bizcocho&#8230; Besos<br \/>Cris<\/p>\n","protected":false},"excerpt":{"rendered":"<p>Este fin de semana me ha dejado de recuerdo agujetas hasta en el l\u00f3bulo de la oreja. Una vez m\u00e1s he participado en una de las multiples actividades que una empresa organiza para sus trabajadores. Si la semana pasada era mi empresa la que me llevaba a hacer de cabra en el monte, el s\u00e1bado [&hellip;]<\/p>\n","protected":false},"author":3,"featured_media":0,"comment_status":"open","ping_status":"closed","sticky":false,"template":"","format":"standard","meta":{"footnotes":""},"categories":[],"tags":[],"class_list":["post-105","post","type-post","status-publish","format-standard","hentry"],"_links":{"self":[{"href":"https:\/\/blog.lapecera.ch\/index.php?rest_route=\/wp\/v2\/posts\/105","targetHints":{"allow":["GET"]}}],"collection":[{"href":"https:\/\/blog.lapecera.ch\/index.php?rest_route=\/wp\/v2\/posts"}],"about":[{"href":"https:\/\/blog.lapecera.ch\/index.php?rest_route=\/wp\/v2\/types\/post"}],"author":[{"embeddable":true,"href":"https:\/\/blog.lapecera.ch\/index.php?rest_route=\/wp\/v2\/users\/3"}],"replies":[{"embeddable":true,"href":"https:\/\/blog.lapecera.ch\/index.php?rest_route=%2Fwp%2Fv2%2Fcomments&post=105"}],"version-history":[{"count":0,"href":"https:\/\/blog.lapecera.ch\/index.php?rest_route=\/wp\/v2\/posts\/105\/revisions"}],"wp:attachment":[{"href":"https:\/\/blog.lapecera.ch\/index.php?rest_route=%2Fwp%2Fv2%2Fmedia&parent=105"}],"wp:term":[{"taxonomy":"category","embeddable":true,"href":"https:\/\/blog.lapecera.ch\/index.php?rest_route=%2Fwp%2Fv2%2Fcategories&post=105"},{"taxonomy":"post_tag","embeddable":true,"href":"https:\/\/blog.lapecera.ch\/index.php?rest_route=%2Fwp%2Fv2%2Ftags&post=105"}],"curies":[{"name":"wp","href":"https:\/\/api.w.org\/{rel}","templated":true}]}}