{"id":1045,"date":"2010-06-14T11:20:50","date_gmt":"2010-06-14T09:20:50","guid":{"rendered":"http:\/\/lapecera.ch\/?p=1045"},"modified":"2010-06-14T11:20:50","modified_gmt":"2010-06-14T09:20:50","slug":"groupies-bleiben-nicht-zum-fruhstuck","status":"publish","type":"post","link":"https:\/\/blog.lapecera.ch\/?p=1045","title":{"rendered":"Groupies bleiben nicht zum Fr\u00fchst\u00fcck"},"content":{"rendered":"<p>La pel\u00edcula a\u00fan no tiene ni p\u00e1gina web oficial (perd\u00f3n, <a href=\"http:\/\/www.groupies-derfilm.de\/\" target=\"_blank\">s\u00ed la tiene<\/a>, pero sirve de tanto como de nada) y lo \u00fanico que encuentro en Internet es que la estrenan el 7 de octubre (anda que no queda na v.v). En cineman.ch ni siquiera aparece. Es como si nadie conociese la pel\u00edcula salvo los cuatro imb\u00e9ciles que hemos visto el trailer en el cine&#8230; Pero s\u00e9 que hay un libro que sale en septiembre y s\u00e9 que la peli existe porque al fin han colgado el trailer en youtube&#8230; *muajajajaja* Ahora me hartar\u00e9 de verlo hasta que la estrenen sabedioscuando.<\/p>\n<p><object width=\"560\" height=\"340\"><param name=\"movie\" value=\"http:\/\/www.youtube.com\/v\/4eJLC84TX_k&#038;hl=en_US&#038;fs=1&#038;color1=0x5d1719&#038;color2=0xcd311b\"><\/param><param name=\"allowFullScreen\" value=\"true\"><\/param><param name=\"allowscriptaccess\" value=\"always\"><\/param><embed src=\"http:\/\/www.youtube.com\/v\/4eJLC84TX_k&#038;hl=en_US&#038;fs=1&#038;color1=0x5d1719&#038;color2=0xcd311b\" type=\"application\/x-shockwave-flash\" allowscriptaccess=\"always\" allowfullscreen=\"true\" width=\"560\" height=\"340\"><\/embed><\/object><\/p>\n<p>Me encanta la chica que hace Lila y la escena en el jard\u00edn bot\u00e1nico cuando se conocen *____* Ach!!! \u00bfPor qu\u00e9 no pueden estrenar la pel\u00edcula en verano? \u00a1Es la pel\u00edcula perfecta para ver en el verano, jo! T___T<\/p>\n<p>En fin, mientras tanto, sobrevivir\u00e9 a base de otras pel\u00edculas \u00f1o\u00f1as y est\u00fapidas como <a href=\"http:\/\/www.imdb.com\/title\/tt0360139\/\" target=\"_blank\">Chasing Liberty<\/a> o <a href=\"http:\/\/www.imdb.com\/title\/tt1216492\/\" target=\"_blank\">Leap year<\/a>, con la que este fin de semana he descubierto a Matthew Goode *___*<\/p>\n<p>Voy a seguir agobi\u00e1ndome con el trabajo este lunes por la ma\u00f1ana \ud83d\ude1b<\/p>\n<p>Con esto y un bizcocho&#8230; Besos<br \/>\nCris <\/p>\n","protected":false},"excerpt":{"rendered":"<p>La pel\u00edcula a\u00fan no tiene ni p\u00e1gina web oficial (perd\u00f3n, s\u00ed la tiene, pero sirve de tanto como de nada) y lo \u00fanico que encuentro en Internet es que la estrenan el 7 de octubre (anda que no queda na v.v). En cineman.ch ni siquiera aparece. Es como si nadie conociese la pel\u00edcula salvo los [&hellip;]<\/p>\n","protected":false},"author":3,"featured_media":0,"comment_status":"open","ping_status":"closed","sticky":false,"template":"","format":"standard","meta":{"footnotes":""},"categories":[],"tags":[],"class_list":["post-1045","post","type-post","status-publish","format-standard","hentry"],"_links":{"self":[{"href":"https:\/\/blog.lapecera.ch\/index.php?rest_route=\/wp\/v2\/posts\/1045","targetHints":{"allow":["GET"]}}],"collection":[{"href":"https:\/\/blog.lapecera.ch\/index.php?rest_route=\/wp\/v2\/posts"}],"about":[{"href":"https:\/\/blog.lapecera.ch\/index.php?rest_route=\/wp\/v2\/types\/post"}],"author":[{"embeddable":true,"href":"https:\/\/blog.lapecera.ch\/index.php?rest_route=\/wp\/v2\/users\/3"}],"replies":[{"embeddable":true,"href":"https:\/\/blog.lapecera.ch\/index.php?rest_route=%2Fwp%2Fv2%2Fcomments&post=1045"}],"version-history":[{"count":0,"href":"https:\/\/blog.lapecera.ch\/index.php?rest_route=\/wp\/v2\/posts\/1045\/revisions"}],"wp:attachment":[{"href":"https:\/\/blog.lapecera.ch\/index.php?rest_route=%2Fwp%2Fv2%2Fmedia&parent=1045"}],"wp:term":[{"taxonomy":"category","embeddable":true,"href":"https:\/\/blog.lapecera.ch\/index.php?rest_route=%2Fwp%2Fv2%2Fcategories&post=1045"},{"taxonomy":"post_tag","embeddable":true,"href":"https:\/\/blog.lapecera.ch\/index.php?rest_route=%2Fwp%2Fv2%2Ftags&post=1045"}],"curies":[{"name":"wp","href":"https:\/\/api.w.org\/{rel}","templated":true}]}}