{"id":103,"date":"2007-08-21T10:22:00","date_gmt":"2007-08-21T08:22:00","guid":{"rendered":"http:\/\/lapecera.ch\/?p=103"},"modified":"2007-08-21T10:22:00","modified_gmt":"2007-08-21T08:22:00","slug":"vacaciones-de-cris-y-itsystems-iv-huregeil","status":"publish","type":"post","link":"https:\/\/blog.lapecera.ch\/?p=103","title":{"rendered":"Vacaciones de Cris y&#8230; itsystems IV: Huregeil!!*"},"content":{"rendered":"<p>Ten\u00eda intenci\u00f3n de volver al blog con un post sobre libros, pel\u00edculas y mi trauma con los personajes secundarios o sobre moda y estilo, pero va a tener que esperar unos d\u00edas. <\/p>\n<p>Este fin de semana toco viaje de empresa&#8230; Este a\u00f1o no tenemos Adventure Weekend, as\u00ed que nos lo mezclaron todo en el mismo fin de semana.<\/p>\n<p>El viernes a las 7:07 sal\u00eda el tren de Basel en direcci\u00f3n a Sargans (cant\u00f3n St-Gallen), donde hicimos la primera parada para ir a visitar una mina de hierro. Pens\u00e9 que morir\u00eda de claustrofobia, pero casi muero de frio. La mina era bastante amplia y estaba bien preparada para dar una vuelta (no se usa desde el 66). El problema es que el tipo que nos hizo de gu\u00eda s\u00f3lo hablaba en alem\u00e1n suizo y, como ni Sascha ni yo ten\u00edamos especial inter\u00e9s en lo que estaba contando, no le pedimos que nos hablara en alem\u00e1n alto, as\u00ed que no entendimos nada xDDD Cuando salimos, tuvimos almuerzo en el restaurante de la mina, que era mono, interesante.<\/p>\n<p>Luego desde Sargans cogimos de nuevo el tren a Chur (cant\u00f3n Graub\u00fcnden) y en Chur cambiamos a un tren regional de la Rh\u00e4tische Bahn. Nos hab\u00edan preparado un vag\u00f3n antiguo con sillones tapizados en una tela horrorosa y no mucho m\u00e1s c\u00f3modos que los normales \u00ac\u00ac pero hab\u00eda una azafata mu maja que nos sirvi\u00f3 bebidas y comida. <a href=\"http:\/\/picasaweb.google.com\/papalbina\/PizTrovat19807\" target=\"_blank\"><img decoding=\"async\" style=\"float:right; margin:10px 0px 10px 10px;cursor:pointer; cursor:hand;\" src=\"http:\/\/www.lapecera.ch\/uploaded_images\/collage-720408.jpg\" border=\"0\" alt=\"Para ir a la galer\u00eda de fotos\" \/><\/a>Desde Chur fuimos a Samedan, en el Engadin (una regi\u00f3n en Graub\u00fcnden que es preciosa) all\u00ed nos recogieron los del hotel Castell en Zuoz, donde pasamos la noche. <\/p>\n<p>El hotel estaba bastante bien. Yo tuve una habitaci\u00f3n doble pa m\u00ed sola. Probamos el hamam que hab\u00eda en el sotano que no es nada del otro mundo, y antes de cenar, tuvimos una presentaci\u00f3n en la que nos comunicaron las novedades\/cambios de la empresa, como que tenemos nuevo logo y paleta de colores o que mi jefe ya no es mi jefe porque ahora ser\u00e1 el COO. A continuaci\u00f3n pasamos a cenar y acabamos casi todos en la cama antes de las doce. Al d\u00eda siguiente hab\u00eda que levantarse a las 8 :\u00de<\/p>\n<p>A las 8:45 un tipo, llamemosle Arthur (no me acuerdo de su nombre xD), de St.Moritz Experience vino a buscarnos en un bus pa ir a hacer la actividad del d\u00eda: River Rafting&#8230; <img decoding=\"async\" src=\"http:\/\/www.lauragallego.com\/phpBB2\/images\/smiles\/pelospunta.gif\"> Cuando llegamos a Scuol, base de la empresa de outdoor, comuniqu\u00e9 mi decisi\u00f3n de no hacer rafting. De todas formas, fui con ellos hasta donde empezaron para sacar fotos y tal. Despues me fui al ba\u00f1o termal del pueblo hasta las 12 y media que volvieron. Comimos (como cerdos :S) en el pueblo y luego el bus nos llev\u00f3 hasta la estaci\u00f3n del <a href=\"http:\/\/www.diavolezza.ch\/022stm_010000_en.htm\" target=\"_blank\">Luftseilbahn Bernina Diavolezza<\/a> cerca del puerto de Bernina. Nathalie, Stefan, Andr\u00e9, Jonas y unos pocos m\u00e1s decidieron subir hasta la Berghaus (\u00bfcasa de monta\u00f1a? a 2978 m) a pata (desde 2093 m). El resto subimos con el Bahn. Cual reloj suizo los &#8220;monta\u00f1eros&#8221; estaban de vuelta en el &#8220;hotel&#8221; pa la hora de cenar a las 7 y media xDDD Aparte de jugar a Jassen durante toda la noche y que M2 y yo ganasemos a P2 y Dario con las cartas francesas ^____^ no hubo mucho m\u00e1s. Dormimos en un Massenlager (una habitaci\u00f3n con literas en la que pueden dormir varias personas) donde fue especialmente dificil dormir entre ronquidos y peleas de almohadas&#8230; <\/p>\n<p>Al d\u00eda siguiente a las 7 de la ma\u00f1ana ten\u00edamos que estar levantados y preparados. A la 7 y media desayunamos, a las 9 de la ma\u00f1ana geht&#8217;s los&#8230; Vamos, que empezamos a eso de las 9 de la ma\u00f1ana con un cielo gris plomizo que amenazaba lluvia y un orbayu intermitente que calaba hasta los huesos&#8230; \u00bfY qu\u00e9 hicimos? Pues he buscado el nombre en espa\u00f1ol: <a href=\"http:\/\/es.wikipedia.org\/wiki\/V%C3%ADa_ferrata\" target=\"_blank\">una via ferrata<\/a>, el Klettersteig al Piz Trovat. Arn\u00e9s, casco, carabinas, guantes&#8230; Pens\u00e9 que me dar\u00eda un vertigo del quince y me pondr\u00eda mal\u00edsima&#8230; pero <strong>LO PAS\u00c9 PIPA<\/strong>, no me import\u00f3 en lo m\u00e1s m\u00ednimo estar a varios metros del suelo y tengo ganas de volver a hacerlo. Me sent\u00ed como una cabra montesa xDDD \u00a1\u00a1Fue genial, genial, genial!! Bueno, hasta que llegamos al puente colgante y se me pusieron de corbata, pero s\u00f3lo eran un par de metros. Lo peor fue bajar luego por entre piedras que se mov\u00edan con mucha facilidad (de recuerdo, tengo, como no, un renegr\u00f3n en cada rodilla)&#8230; <\/p>\n<p>Despu\u00e9s de comer bajamos con el Bahn hasta la estaci\u00f3n del valle, donde nos recogi\u00f3 un bus que nos llev\u00f3 a St. Moritz donde cogimos el tren de vuelta a casa&#8230; Y eso fue mi segundo fin de semana de pericopalotes con los chicos de itsystems. Como veis es imposible aburrirse en esta empresa&#8230; \u00a1Buff!, creo que me ha quedao demasiado larga la entrada&#8230; \u00a1Qu\u00e9 raro! \u00ac\u00ac<\/p>\n<p>Las fotos ya est\u00e1n en la secci\u00f3n de viajes, con algunas cogidas de Jonas, que fue el que hizo las fotos de la subida por la via ferrata ^___^<\/p>\n<p>Con esto y un bizcocho&#8230; Besos<br \/>Cris<\/p>\n<p>*<span style=\"font-size=85%\">Huregeil es la versi\u00f3n suiza de &#8220;de puta madre&#8221; xDD<\/span><\/p>\n","protected":false},"excerpt":{"rendered":"<p>Ten\u00eda intenci\u00f3n de volver al blog con un post sobre libros, pel\u00edculas y mi trauma con los personajes secundarios o sobre moda y estilo, pero va a tener que esperar unos d\u00edas. Este fin de semana toco viaje de empresa&#8230; Este a\u00f1o no tenemos Adventure Weekend, as\u00ed que nos lo mezclaron todo en el mismo [&hellip;]<\/p>\n","protected":false},"author":3,"featured_media":0,"comment_status":"open","ping_status":"closed","sticky":false,"template":"","format":"standard","meta":{"footnotes":""},"categories":[],"tags":[],"class_list":["post-103","post","type-post","status-publish","format-standard","hentry"],"_links":{"self":[{"href":"https:\/\/blog.lapecera.ch\/index.php?rest_route=\/wp\/v2\/posts\/103","targetHints":{"allow":["GET"]}}],"collection":[{"href":"https:\/\/blog.lapecera.ch\/index.php?rest_route=\/wp\/v2\/posts"}],"about":[{"href":"https:\/\/blog.lapecera.ch\/index.php?rest_route=\/wp\/v2\/types\/post"}],"author":[{"embeddable":true,"href":"https:\/\/blog.lapecera.ch\/index.php?rest_route=\/wp\/v2\/users\/3"}],"replies":[{"embeddable":true,"href":"https:\/\/blog.lapecera.ch\/index.php?rest_route=%2Fwp%2Fv2%2Fcomments&post=103"}],"version-history":[{"count":0,"href":"https:\/\/blog.lapecera.ch\/index.php?rest_route=\/wp\/v2\/posts\/103\/revisions"}],"wp:attachment":[{"href":"https:\/\/blog.lapecera.ch\/index.php?rest_route=%2Fwp%2Fv2%2Fmedia&parent=103"}],"wp:term":[{"taxonomy":"category","embeddable":true,"href":"https:\/\/blog.lapecera.ch\/index.php?rest_route=%2Fwp%2Fv2%2Fcategories&post=103"},{"taxonomy":"post_tag","embeddable":true,"href":"https:\/\/blog.lapecera.ch\/index.php?rest_route=%2Fwp%2Fv2%2Ftags&post=103"}],"curies":[{"name":"wp","href":"https:\/\/api.w.org\/{rel}","templated":true}]}}