{"id":1008,"date":"2010-06-09T11:09:19","date_gmt":"2010-06-09T09:09:19","guid":{"rendered":"http:\/\/lapecera.ch\/?p=1008"},"modified":"2010-06-09T11:09:19","modified_gmt":"2010-06-09T09:09:19","slug":"dia-29-por-que-carajo-han-hecho-una-pelicula-de-este-libro","status":"publish","type":"post","link":"https:\/\/blog.lapecera.ch\/?p=1008","title":{"rendered":"[D\u00eda 29] \u00bfPor qu\u00e9 carajo han hecho una pel\u00edcula de este libro?"},"content":{"rendered":"<p>Basta que me pregunten para que no se me ocurra ninguna v.v As\u00ed a bote pronto me vienen a la memoria todas las pel\u00edculas basadas en libros de Michael Crichton, especialmente <a href=\"http:\/\/www.imdb.com\/title\/tt0112715\/\" class=\"example7\">Congo<\/a> y <a href=\"http:\/\/www.imdb.com\/title\/tt0107290\/\" class=\"example7\">Parque Jur\u00e1sico<\/a>, con la excepci\u00f3n, quiz\u00e1, de <a href=\"http:\/\/www.imdb.com\/title\/tt0120184\/\" class=\"example7\">Esfera<\/a>, que es m\u00e1s raro que un perro verde y la pel\u00edcula consigui\u00f3 simplificarlo a un m\u00ednimo entendible (aunque tambi\u00e9n es rara de narices). De <a href=\"http:\/\/www.imdb.com\/title\/tt0107969\/\" class=\"example7\">Sol naciente<\/a> no me acuerdo, sin m\u00e1s. De todas formas, estoy segura de haber visto alguna que otra pel\u00edcula en mi vida con la que me sintiese muy decepcionada porque no se parec\u00eda en nada al libro que tanto me hab\u00eda gustado (por eso ahora leo los libros despu\u00e9s, para disfrutar de la pel\u00edcula), lo que pasa es que ahora mismo no caigo v.v<\/p>\n<p>Puestos a quedarme con un libro al que la gente de Hollywood mejor no le hubiese puesto las zarpas encima, me quedo con &#8220;Congo&#8221;. Mayor desastre de adaptaci\u00f3n jam\u00e1s se habr\u00e1 visto&#8230; <\/p>\n<p><a href=\"http:\/\/www.imdb.com\/title\/tt0112715\/\" target=\"_blank\"><strong><span style=\"font-size:120%\">Congo<\/span><\/a><br \/>\nMichael Crichton<\/strong><\/p>\n<p><img loading=\"lazy\" decoding=\"async\" src=\"http:\/\/lapecera.ch\/wp-content\/uploads\/2010\/06\/congo-167x300.jpg\" alt=\"\" title=\"congo\" width=\"167\" height=\"300\" class=\"alignnone size-medium wp-image-1009\" srcset=\"https:\/\/blog.lapecera.ch\/wp-content\/uploads\/2010\/06\/congo-167x300.jpg 167w, https:\/\/blog.lapecera.ch\/wp-content\/uploads\/2010\/06\/congo.jpg 279w\" sizes=\"auto, (max-width: 167px) 100vw, 167px\" \/><\/p>\n<blockquote><p>En el coraz\u00f3n del \u00c1frica salvaje se desarrolla una apasionante aventura en pos de encontrar la ciudad perdida de Zinj, punto clave de una terrible intriga internacional. Sus protagonistas: una chica ambiciosa al servicio de una poderosa multinacional; un joven cient\u00edfico californiano; Amy, un gorila entra\u00f1able; y un experto cazador que conoce los misterios de la selva. Todos ellos se enfrentan a peligros mortales: pigmeos siniestros, bestias monstruosas, r\u00edos de lava, esp\u00edas de naciones enemigas, mercenarios implacables&#8230; <\/p><\/blockquote>\n<p>No es que el libro fuese maravilloso, pero cumplia su cometido de intrigar y entretener durante buenas 300 p\u00e1ginas. Aparte de que en la pel\u00edcula en su af\u00e1n de simplificar el argumento, se cargaron lo m\u00e1s interesante. En fin&#8230; Estas cosas pasan todos los d\u00edas \ud83d\ude1b<\/p>\n<p>Ma\u00f1ana es el pen\u00faltimo d\u00eda del <a href=\"http:\/\/lapecera.ch\/2010\/05\/31-dias-31-libros\/\">31 d\u00edas &#8211; 31 libros<\/a>, me dar\u00e1 penita acabarlo v.v Estoy segura de que el libro que estoy leyendo hoy me durar\u00e1 hasta ma\u00f1ana, no como los de las \u00faltimas semanas. Este es en alem\u00e1n y no puedo ir tan r\u00e1pido xDDD<\/p>\n<p>Con esto y un bizcocho&#8230; Besos<br \/>\nCris<\/p>\n","protected":false},"excerpt":{"rendered":"<p>Basta que me pregunten para que no se me ocurra ninguna v.v As\u00ed a bote pronto me vienen a la memoria todas las pel\u00edculas basadas en libros de Michael Crichton, especialmente Congo y Parque Jur\u00e1sico, con la excepci\u00f3n, quiz\u00e1, de Esfera, que es m\u00e1s raro que un perro verde y la pel\u00edcula consigui\u00f3 simplificarlo a [&hellip;]<\/p>\n","protected":false},"author":3,"featured_media":0,"comment_status":"open","ping_status":"closed","sticky":false,"template":"","format":"standard","meta":{"footnotes":""},"categories":[],"tags":[],"class_list":["post-1008","post","type-post","status-publish","format-standard","hentry"],"_links":{"self":[{"href":"https:\/\/blog.lapecera.ch\/index.php?rest_route=\/wp\/v2\/posts\/1008","targetHints":{"allow":["GET"]}}],"collection":[{"href":"https:\/\/blog.lapecera.ch\/index.php?rest_route=\/wp\/v2\/posts"}],"about":[{"href":"https:\/\/blog.lapecera.ch\/index.php?rest_route=\/wp\/v2\/types\/post"}],"author":[{"embeddable":true,"href":"https:\/\/blog.lapecera.ch\/index.php?rest_route=\/wp\/v2\/users\/3"}],"replies":[{"embeddable":true,"href":"https:\/\/blog.lapecera.ch\/index.php?rest_route=%2Fwp%2Fv2%2Fcomments&post=1008"}],"version-history":[{"count":0,"href":"https:\/\/blog.lapecera.ch\/index.php?rest_route=\/wp\/v2\/posts\/1008\/revisions"}],"wp:attachment":[{"href":"https:\/\/blog.lapecera.ch\/index.php?rest_route=%2Fwp%2Fv2%2Fmedia&parent=1008"}],"wp:term":[{"taxonomy":"category","embeddable":true,"href":"https:\/\/blog.lapecera.ch\/index.php?rest_route=%2Fwp%2Fv2%2Fcategories&post=1008"},{"taxonomy":"post_tag","embeddable":true,"href":"https:\/\/blog.lapecera.ch\/index.php?rest_route=%2Fwp%2Fv2%2Ftags&post=1008"}],"curies":[{"name":"wp","href":"https:\/\/api.w.org\/{rel}","templated":true}]}}