{"id":100,"date":"2007-07-21T15:16:00","date_gmt":"2007-07-21T13:16:00","guid":{"rendered":"http:\/\/lapecera.ch\/?p=100"},"modified":"2007-07-21T15:16:00","modified_gmt":"2007-07-21T13:16:00","slug":"harry-potter-and-the-deathly-hallows","status":"publish","type":"post","link":"https:\/\/blog.lapecera.ch\/?p=100","title":{"rendered":"Harry Potter and the Deathly Hallows"},"content":{"rendered":"<p>\u00a1\u00a1\u00a1Lo tengoooo!!! Es m\u00ed\u00ed\u00ed\u00ed\u00edooooo y ya voy por el cap\u00edtulo ocho&#8230;<\/p>\n<p>Me lo compr\u00e9 a la 1 y 39 minutos del d\u00eda 21 de julio en Bider und Tanner en Basel (que por cierto, estaba hasta arriba de gente xDDD).<\/p>\n<p>La \u00faltima palabra es &#8220;well&#8221;, pero seguro que ya lo sab\u00edais xDDD<\/p>\n<p>Voy a seguir leyendo (^o^)\/<\/p>\n<p>Con esto y un bizcocho&#8230; Besos<br \/>Cris<\/p>\n","protected":false},"excerpt":{"rendered":"<p>\u00a1\u00a1\u00a1Lo tengoooo!!! Es m\u00ed\u00ed\u00ed\u00ed\u00edooooo y ya voy por el cap\u00edtulo ocho&#8230; Me lo compr\u00e9 a la 1 y 39 minutos del d\u00eda 21 de julio en Bider und Tanner en Basel (que por cierto, estaba hasta arriba de gente xDDD). La \u00faltima palabra es &#8220;well&#8221;, pero seguro que ya lo sab\u00edais xDDD Voy a seguir [&hellip;]<\/p>\n","protected":false},"author":3,"featured_media":0,"comment_status":"open","ping_status":"closed","sticky":false,"template":"","format":"standard","meta":{"footnotes":""},"categories":[],"tags":[],"class_list":["post-100","post","type-post","status-publish","format-standard","hentry"],"_links":{"self":[{"href":"https:\/\/blog.lapecera.ch\/index.php?rest_route=\/wp\/v2\/posts\/100","targetHints":{"allow":["GET"]}}],"collection":[{"href":"https:\/\/blog.lapecera.ch\/index.php?rest_route=\/wp\/v2\/posts"}],"about":[{"href":"https:\/\/blog.lapecera.ch\/index.php?rest_route=\/wp\/v2\/types\/post"}],"author":[{"embeddable":true,"href":"https:\/\/blog.lapecera.ch\/index.php?rest_route=\/wp\/v2\/users\/3"}],"replies":[{"embeddable":true,"href":"https:\/\/blog.lapecera.ch\/index.php?rest_route=%2Fwp%2Fv2%2Fcomments&post=100"}],"version-history":[{"count":0,"href":"https:\/\/blog.lapecera.ch\/index.php?rest_route=\/wp\/v2\/posts\/100\/revisions"}],"wp:attachment":[{"href":"https:\/\/blog.lapecera.ch\/index.php?rest_route=%2Fwp%2Fv2%2Fmedia&parent=100"}],"wp:term":[{"taxonomy":"category","embeddable":true,"href":"https:\/\/blog.lapecera.ch\/index.php?rest_route=%2Fwp%2Fv2%2Fcategories&post=100"},{"taxonomy":"post_tag","embeddable":true,"href":"https:\/\/blog.lapecera.ch\/index.php?rest_route=%2Fwp%2Fv2%2Ftags&post=100"}],"curies":[{"name":"wp","href":"https:\/\/api.w.org\/{rel}","templated":true}]}}